{"id":37291,"date":"2026-08-28T09:05:00","date_gmt":"2026-08-28T13:05:00","guid":{"rendered":"https:\/\/www.semanariolocal.cl\/?p=37291"},"modified":"2026-09-02T21:08:57","modified_gmt":"2026-09-03T01:08:57","slug":"la-creciente-medicalizacion-de-la-vida-cotidiana-preocupa-a-especialistas","status":"publish","type":"post","link":"https:\/\/www.semanariolocal.cl\/?p=37291","title":{"rendered":"La creciente medicalizaci\u00f3n de la vida cotidiana preocupa a especialistas"},"content":{"rendered":"\n<p class=\"wp-block-paragraph\"><strong><mark style=\"background-color:#abb8c3\" class=\"has-inline-color has-white-color\">28 de Agosto del 2026.-<\/mark><\/strong> La tristeza tras una p\u00e9rdida, el miedo frente a un cambio importante, la ansiedad antes de un desaf\u00edo o el des\u00e1nimo en per\u00edodos dif\u00edciles han acompa\u00f1ado hist\u00f3ricamente la experiencia humana. Sin embargo, hoy muchas de esas emociones parecen necesitar una explicaci\u00f3n cl\u00ednica. Lo que antes era entendido como parte de la vida cotidiana, cada vez con mayor frecuencia es interpretado como un trastorno que requiere un diagn\u00f3stico o incluso un tratamiento.<\/p>\n\n\n\n<p class=\"wp-block-paragraph\">Para el acad\u00e9mico del&nbsp;<a href=\"https:\/\/www.uoh.cl\/instituto-ciencias-de-la-salud\/\" target=\"_blank\" rel=\"noopener\">Instituto de Ciencias de la Salud<\/a>&nbsp;de la&nbsp;<a href=\"http:\/\/www.uoh.cl\/\" target=\"_blank\" rel=\"noopener\">Universidad de O&#8217;Higgins<\/a>&nbsp;(UOH),&nbsp;<a href=\"https:\/\/www.uoh.cl\/investigacion\/academico\/jorge-gallardo-cochifas\/\" target=\"_blank\" rel=\"noopener\">Jorge Gallardo Cochifas<\/a>, este fen\u00f3meno responde a un proceso de medicalizaci\u00f3n que ha ido expandiendo los l\u00edmites de lo que la sociedad considera una enfermedad.<\/p>\n\n\n\n<p class=\"wp-block-paragraph\">\u00abLa medicalizaci\u00f3n consiste en transformar aspectos normales de la vida, como el duelo, la menopausia, el envejecimiento o determinadas formas de comportamiento, en problemas m\u00e9dicos. Sin embargo, hoy estamos observando algo a\u00fan m\u00e1s profundo: un proceso de psiquiatrizaci\u00f3n, donde las emociones y los malestares cotidianos comienzan a interpretarse casi exclusivamente mediante diagn\u00f3sticos de salud mental\u00bb, explica el experto UOH.<\/p>\n\n\n\n<p class=\"wp-block-paragraph\">Seg\u00fan el especialista, esta tendencia limita otras formas de comprender el sufrimiento humano, privilegiando la explicaci\u00f3n biom\u00e9dica por sobre los factores sociales, culturales y relacionales que tambi\u00e9n influyen en el bienestar de las personas.<\/p>\n\n\n\n<p class=\"wp-block-paragraph\"><strong>M\u00e1s diagn\u00f3sticos, \u00bfm\u00e1s enfermedades?<\/strong><\/p>\n\n\n\n<p class=\"wp-block-paragraph\">Gallardo sostiene que el debate se intensific\u00f3 tras la publicaci\u00f3n de la quinta edici\u00f3n del Manual Diagn\u00f3stico y Estad\u00edstico de los Trastornos Mentales (DSM-5), documento ampliamente utilizado por profesionales de la salud mental en todo el mundo.<\/p>\n\n\n\n<p class=\"wp-block-paragraph\">La nueva versi\u00f3n ampli\u00f3 considerablemente el n\u00famero de categor\u00edas diagn\u00f3sticas respecto de su antecesora, generando cuestionamientos incluso entre algunos de los especialistas que participaron en versiones anteriores del manual.<\/p>\n\n\n\n<p class=\"wp-block-paragraph\">\u00abLa discusi\u00f3n es si realmente estamos frente a nuevos conocimientos cient\u00edficos o si simplemente ampliamos los criterios diagn\u00f3sticos, haciendo posible que cada vez m\u00e1s personas encajen dentro de alguna categor\u00eda cl\u00ednica\u00bb, se\u00f1ala.<\/p>\n\n\n\n<p class=\"wp-block-paragraph\">Aclara que los diagn\u00f3sticos constituyen herramientas fundamentales para el trabajo profesional, pero advierte que se vuelven problem\u00e1ticos cuando pasan a convertirse en la \u00fanica explicaci\u00f3n posible para comprender las emociones.<\/p>\n\n\n\n<p class=\"wp-block-paragraph\">\u00abEl diagn\u00f3stico puede ser \u00fatil en determinados casos, pero dif\u00edcilmente reemplaza el valor de los v\u00ednculos, el di\u00e1logo, la experiencia compartida o las condiciones sociales que tambi\u00e9n explican gran parte de nuestro bienestar\u00bb, puntualiza el Doctor en Sociolog\u00eda<\/p>\n\n\n\n<p class=\"wp-block-paragraph\"><strong>Riesgo del autodiagn\u00f3stico digital<\/strong><\/p>\n\n\n\n<p class=\"wp-block-paragraph\">El fen\u00f3meno ya no ocurre \u00fanicamente dentro de las consultas m\u00e9dicas. Hoy encuentra uno de sus principales impulsores en las redes sociales.<\/p>\n\n\n\n<p class=\"wp-block-paragraph\">Videos que prometen detectar depresi\u00f3n, trastorno por d\u00e9ficit atencional, ansiedad, autismo o neurodivergencia mediante listas de comportamientos simples se viralizan diariamente y alcanzan a millones de usuarios.<\/p>\n\n\n\n<p class=\"wp-block-paragraph\">\u00abFrases como &#8216;si te pasa esto, entonces tienes este trastorno&#8217; o &#8216;si haces esto probablemente eres neurodivergente&#8217; presentan como verdades generales procesos que son mucho m\u00e1s complejos. Un diagn\u00f3stico requiere evaluar la historia, el contexto y las circunstancias particulares de cada persona\u00bb, advierte.<\/p>\n\n\n\n<p class=\"wp-block-paragraph\">El problema, agrega, es que estos contenidos pueden llevar a interpretar cualquier diferencia, dificultad o emoci\u00f3n desagradable como evidencia de un trastorno psiqui\u00e1trico.<\/p>\n\n\n\n<p class=\"wp-block-paragraph\">\u00abEse es uno de los principales desaf\u00edos actuales: evitar que la \u00fanica forma de comprender lo que sentimos sea a trav\u00e9s de una etiqueta diagn\u00f3stica.\u00bb<\/p>\n\n\n\n<p class=\"wp-block-paragraph\"><strong>La presi\u00f3n de estar siempre bien<\/strong><\/p>\n\n\n\n<p class=\"wp-block-paragraph\">A la expansi\u00f3n de los diagn\u00f3sticos se suma otro fen\u00f3meno propio de la sociedad contempor\u00e1nea: la exigencia permanente de mostrarse feliz.<\/p>\n\n\n\n<p class=\"wp-block-paragraph\">Algunas investigadoras han denominado este proceso como la \u00abdictadura de la positividad\u00bb, una presi\u00f3n cultural que instala la idea de que el bienestar permanente constituye la normalidad.<\/p>\n\n\n\n<p class=\"wp-block-paragraph\">\u00abComo seres humanos no somos m\u00e1quinas programadas para sentirnos bien todo el tiempo. Nuestro estado emocional depende de nuestras relaciones, del trabajo, de las condiciones de vida, del contexto social e incluso de los acontecimientos nacionales e internacionales\u00bb, afirma.<\/p>\n\n\n\n<p class=\"wp-block-paragraph\">Sin embargo, las redes sociales muestran una realidad muy distinta. All\u00ed predominan im\u00e1genes de \u00e9xito, felicidad y realizaci\u00f3n personal, mientras los momentos dif\u00edciles permanecen invisibles.<\/p>\n\n\n\n<p class=\"wp-block-paragraph\">\u00abEsa comparaci\u00f3n constante puede hacer que una persona sienta que hay algo malo en ella simplemente porque experimenta tristeza, frustraci\u00f3n o incertidumbre. Pero esas emociones forman parte de la vida y no deber\u00edan entenderse autom\u00e1ticamente como una enfermedad\u201d, detalla Gallardo.<\/p>\n\n\n\n<p class=\"wp-block-paragraph\"><strong>Recuperar el valor de las redes humanas<\/strong><\/p>\n\n\n\n<p class=\"wp-block-paragraph\">Para el acad\u00e9mico, uno de los principales riesgos de la medicalizaci\u00f3n es que las personas comiencen a depender exclusivamente de explicaciones cl\u00ednicas para enfrentar problemas que muchas veces tambi\u00e9n requieren apoyo social.<\/p>\n\n\n\n<p class=\"wp-block-paragraph\">Antes de buscar respuestas en internet o intentar autodiagnosticarse, recomienda conversar con familiares, amistades o personas de confianza, recuperando espacios de contenci\u00f3n que hist\u00f3ricamente han ayudado a enfrentar los momentos dif\u00edciles.<\/p>\n\n\n\n<p class=\"wp-block-paragraph\">\u00abLa consulta profesional es recomendable cuando el malestar persiste, aumenta con el tiempo o comienza a afectar significativamente la vida cotidiana, el trabajo, los estudios o las relaciones. Pero eso no significa que toda tristeza, preocupaci\u00f3n o cansancio sea un trastorno de salud mental.\u00bb<\/p>\n\n\n\n<p class=\"wp-block-paragraph\">En una sociedad donde las etiquetas diagn\u00f3sticas circulan con facilidad y las emociones parecen necesitar siempre una explicaci\u00f3n cl\u00ednica, el acad\u00e9mico invita a recordar una idea sencilla, pero cada vez m\u00e1s necesaria: sentirse mal en determinados momentos tambi\u00e9n forma parte de estar vivo. Reconocer esa realidad, concluye, constituye el primer paso para construir una relaci\u00f3n m\u00e1s saludable con nuestras emociones y con la propia salud mental.<\/p>\n","protected":false},"excerpt":{"rendered":"<p>Acad\u00e9mico advierte que cada vez m\u00e1s emociones y experiencias normales de la vida son interpretadas como trastornos de salud mental.<\/p>\n","protected":false},"author":1,"featured_media":37292,"comment_status":"closed","ping_status":"closed","sticky":false,"template":"","format":"standard","meta":{"footnotes":""},"categories":[4603,2484,4556],"tags":[2118,337,273,247,133,2105,176],"class_list":["post-37291","post","type-post","status-publish","format-standard","has-post-thumbnail","hentry","category-medicina-y-salud","category-salud","category-salud-mental","tag-semanariolocal","tag-informacion","tag-noticias","tag-region-de-los-lagos","tag-semanario-local","tag-universidad-bernardo-ohiggins","tag-uoh"],"_links":{"self":[{"href":"https:\/\/www.semanariolocal.cl\/index.php?rest_route=\/wp\/v2\/posts\/37291","targetHints":{"allow":["GET"]}}],"collection":[{"href":"https:\/\/www.semanariolocal.cl\/index.php?rest_route=\/wp\/v2\/posts"}],"about":[{"href":"https:\/\/www.semanariolocal.cl\/index.php?rest_route=\/wp\/v2\/types\/post"}],"author":[{"embeddable":true,"href":"https:\/\/www.semanariolocal.cl\/index.php?rest_route=\/wp\/v2\/users\/1"}],"replies":[{"embeddable":true,"href":"https:\/\/www.semanariolocal.cl\/index.php?rest_route=%2Fwp%2Fv2%2Fcomments&post=37291"}],"version-history":[{"count":1,"href":"https:\/\/www.semanariolocal.cl\/index.php?rest_route=\/wp\/v2\/posts\/37291\/revisions"}],"predecessor-version":[{"id":37293,"href":"https:\/\/www.semanariolocal.cl\/index.php?rest_route=\/wp\/v2\/posts\/37291\/revisions\/37293"}],"wp:featuredmedia":[{"embeddable":true,"href":"https:\/\/www.semanariolocal.cl\/index.php?rest_route=\/wp\/v2\/media\/37292"}],"wp:attachment":[{"href":"https:\/\/www.semanariolocal.cl\/index.php?rest_route=%2Fwp%2Fv2%2Fmedia&parent=37291"}],"wp:term":[{"taxonomy":"category","embeddable":true,"href":"https:\/\/www.semanariolocal.cl\/index.php?rest_route=%2Fwp%2Fv2%2Fcategories&post=37291"},{"taxonomy":"post_tag","embeddable":true,"href":"https:\/\/www.semanariolocal.cl\/index.php?rest_route=%2Fwp%2Fv2%2Ftags&post=37291"}],"curies":[{"name":"wp","href":"https:\/\/api.w.org\/{rel}","templated":true}]}}