{"id":37288,"date":"2026-08-28T20:47:19","date_gmt":"2026-08-29T00:47:19","guid":{"rendered":"https:\/\/www.semanariolocal.cl\/?p=37288"},"modified":"2026-09-02T21:02:43","modified_gmt":"2026-09-03T01:02:43","slug":"reconstruccion-aprobada-una-ley-para-volver-a-construir-el-futuro","status":"publish","type":"post","link":"https:\/\/www.semanariolocal.cl\/?p=37288","title":{"rendered":"Reconstrucci\u00f3n aprobada: una ley para volver a construir el futuro"},"content":{"rendered":"\n<p class=\"wp-block-paragraph\"><strong><mark style=\"background-color:#abb8c3\" class=\"has-inline-color has-white-color\">28 de Agosto del 2026.- <\/mark><\/strong>Detr\u00e1s de cada proyecto habitacional existen permisos, evaluaciones y autorizaciones que, cuando se prolongan m\u00e1s de lo razonable, terminan retrasando aquello que realmente importa: que las familias puedan acceder a una vivienda y que las ciudades sigan desarroll\u00e1ndose.<\/p>\n\n\n\n<p class=\"wp-block-paragraph\">Por eso, la reciente aprobaci\u00f3n de la Ley de Reconstrucci\u00f3n Nacional y Desarrollo Econ\u00f3mico y Social representa una buena noticia para Chile. Porque comprende que una pol\u00edtica habitacional no depende \u00fanicamente de recursos o de voluntad, sino tambi\u00e9n de un Estado capaz de responder con mayor eficiencia y de generar condiciones para que los proyectos avancen con oportunidad.<\/p>\n\n\n\n<p class=\"wp-block-paragraph\">En el MINVU conocemos bien ese desaf\u00edo. Cada conjunto habitacional que inicia sus obras significa cientos de familias que comienzan a ver m\u00e1s cerca el sue\u00f1o de la casa propia. Pero tambi\u00e9n significa empleo para trabajadores de la construcci\u00f3n, oportunidades para peque\u00f1as y medianas empresas, dinamismo para el comercio local y mayor desarrollo para las regiones. Cuando una obra se posterga por meses o incluso a\u00f1os debido a tr\u00e1mites innecesarios, todos pierden.<\/p>\n\n\n\n<p class=\"wp-block-paragraph\">La nueva ley aborda precisamente ese problema. Lo hace manteniendo los est\u00e1ndares t\u00e9cnicos y ambientales que el pa\u00eds exige, pero reduciendo tiempos de tramitaci\u00f3n, otorgando mayor certeza jur\u00eddica e incorporando incentivos que permitan reactivar la construcci\u00f3n, entre ellos la exenci\u00f3n temporal del IVA para la venta de viviendas nuevas, recursos extraordinarios para la reconstrucci\u00f3n y mecanismos que fortalecen la inversi\u00f3n.<\/p>\n\n\n\n<p class=\"wp-block-paragraph\">Estas decisiones tienen un impacto directo en el sector vivienda. Hoy existen miles de viviendas terminadas que esperan ser adquiridas y numerosos proyectos preparados para iniciar su ejecuci\u00f3n. Darles mayor viabilidad significa recuperar el ritmo de una industria que hist\u00f3ricamente ha sido uno de los principales motores del empleo y una pieza fundamental para reducir el d\u00e9ficit habitacional.<\/p>\n\n\n\n<p class=\"wp-block-paragraph\">En la regi\u00f3n de Los Lagos conocemos el valor de cada proyecto que logra concretarse. Lo vemos en nuevos barrios, en conjuntos habitacionales que cambian la vida de cientos de familias, en parques urbanos que recuperan espacios para la comunidad y en obras que mejoran la calidad de vida de nuestras ciudades. Todo ello requiere inversi\u00f3n, pero tambi\u00e9n reglas claras y un Estado que acompa\u00f1e el desarrollo en lugar de ralentizarlo.<\/p>\n\n\n\n<p class=\"wp-block-paragraph\">La Ley de Reconstrucci\u00f3n Nacional y Desarrollo Econ\u00f3mico y Social apunta justamente en esa direcci\u00f3n. No reemplaza la planificaci\u00f3n urbana ni el trabajo t\u00e9cnico, pero entrega mejores herramientas para acelerar proyectos, dinamizar la construcci\u00f3n y acercar las soluciones habitacionales a quienes m\u00e1s las necesitan.<\/p>\n\n\n\n<p class=\"wp-block-paragraph\">Como Ministerio de Vivienda y Urbanismo seguiremos impulsando proyectos con el mismo compromiso de siempre. Porque construir viviendas no es solo levantar edificaciones. Es generar empleo, fortalecer las econom\u00edas locales, recuperar la confianza en el futuro y entregar a miles de familias la oportunidad de comenzar una nueva etapa. Esa es, precisamente, la reconstrucci\u00f3n que Chile necesita.<\/p>\n\n\n\n<p class=\"wp-block-paragraph\"><strong>Mario Marchant Mart\u00ednez &#8211; Seremi de Vivienda y Urbanismo &#8211; Regi\u00f3n de los Lagos <\/strong><\/p>\n","protected":false},"excerpt":{"rendered":"<p>Las viviendas no se atrasan por falta de sue\u00f1os. Muchas veces se atrasan porque el Estado llega tarde. <\/p>\n","protected":false},"author":1,"featured_media":37289,"comment_status":"closed","ping_status":"closed","sticky":false,"template":"","format":"standard","meta":{"footnotes":""},"categories":[3],"tags":[2118,337,5162,5163,3375,273,247,133],"class_list":["post-37288","post","type-post","status-publish","format-standard","has-post-thumbnail","hentry","category-al-dia","tag-semanariolocal","tag-informacion","tag-mario-marchant-martinez","tag-minvu-chile","tag-minvu-los-lagos","tag-noticias","tag-region-de-los-lagos","tag-semanario-local"],"_links":{"self":[{"href":"https:\/\/www.semanariolocal.cl\/index.php?rest_route=\/wp\/v2\/posts\/37288","targetHints":{"allow":["GET"]}}],"collection":[{"href":"https:\/\/www.semanariolocal.cl\/index.php?rest_route=\/wp\/v2\/posts"}],"about":[{"href":"https:\/\/www.semanariolocal.cl\/index.php?rest_route=\/wp\/v2\/types\/post"}],"author":[{"embeddable":true,"href":"https:\/\/www.semanariolocal.cl\/index.php?rest_route=\/wp\/v2\/users\/1"}],"replies":[{"embeddable":true,"href":"https:\/\/www.semanariolocal.cl\/index.php?rest_route=%2Fwp%2Fv2%2Fcomments&post=37288"}],"version-history":[{"count":1,"href":"https:\/\/www.semanariolocal.cl\/index.php?rest_route=\/wp\/v2\/posts\/37288\/revisions"}],"predecessor-version":[{"id":37290,"href":"https:\/\/www.semanariolocal.cl\/index.php?rest_route=\/wp\/v2\/posts\/37288\/revisions\/37290"}],"wp:featuredmedia":[{"embeddable":true,"href":"https:\/\/www.semanariolocal.cl\/index.php?rest_route=\/wp\/v2\/media\/37289"}],"wp:attachment":[{"href":"https:\/\/www.semanariolocal.cl\/index.php?rest_route=%2Fwp%2Fv2%2Fmedia&parent=37288"}],"wp:term":[{"taxonomy":"category","embeddable":true,"href":"https:\/\/www.semanariolocal.cl\/index.php?rest_route=%2Fwp%2Fv2%2Fcategories&post=37288"},{"taxonomy":"post_tag","embeddable":true,"href":"https:\/\/www.semanariolocal.cl\/index.php?rest_route=%2Fwp%2Fv2%2Ftags&post=37288"}],"curies":[{"name":"wp","href":"https:\/\/api.w.org\/{rel}","templated":true}]}}