{"id":37273,"date":"2026-08-29T09:55:00","date_gmt":"2026-08-29T13:55:00","guid":{"rendered":"https:\/\/www.semanariolocal.cl\/?p=37273"},"modified":"2026-09-01T22:47:07","modified_gmt":"2026-09-02T02:47:07","slug":"el-nuevo-escenario-tributario-que-enfrentan-las-medianas-empresas-ante-el-sii","status":"publish","type":"post","link":"https:\/\/www.semanariolocal.cl\/?p=37273","title":{"rendered":"El nuevo escenario tributario que enfrentan las medianas empresas ante el SII"},"content":{"rendered":"\n<p class=\"wp-block-paragraph\"><strong><mark style=\"background-color:#abb8c3\" class=\"has-inline-color has-white-color\">29 de Agosto del 2026.- <\/mark><\/strong>La entrada en vigencia de la Ley N\u00b0 21.713, de Cumplimiento de Obligaciones Tributarias, moderniz\u00f3 las facultades del Servicio de Impuestos Internos (SII) y, con ello, cambi\u00f3 la aritm\u00e9tica del riesgo: un error contable o tributario que antes ten\u00eda un costo calculable hoy puede tener consecuencias m\u00e1s dif\u00edciles de anticipar.<\/p>\n\n\n\n<p class=\"wp-block-paragraph\">El primer cambio es tal vez el m\u00e1s silencioso. El costo de pagar impuestos fuera de plazo dej\u00f3 de ser fijo. El inter\u00e9s por mora ahora es variable y lo determina el SII dos veces al a\u00f1o, en junio y diciembre, para el semestre siguiente. En un entorno as\u00ed, atrasarse ya no tiene un precio conocido de antemano.<\/p>\n\n\n\n<p class=\"wp-block-paragraph\">A lo anterior se suma el horizonte de revisi\u00f3n, es decir, el per\u00edodo durante el cual el SII puede fiscalizar y cobrar impuestos, con multas y cobros retroactivos que, seg\u00fan el caso, pueden alcanzar hasta tres a\u00f1os. Para una mediana empresa, un criterio contable mal aplicado y sostenido puede transformarse en una contingencia que se acumula ejercicio tras ejercicio, sin que nadie lo advierta hasta que llega la notificaci\u00f3n.<\/p>\n\n\n\n<p class=\"wp-block-paragraph\">\u201cEl problema de los errores tributarios es que rara vez se trata de un solo error grande; suele ser un criterio equivocado que se repite mes a mes. Cuando en el SII se encienden las alertas, no hablamos de un solo mes, sino de a\u00f1os de inconsistencias. Ah\u00ed el costo se multiplica\u201d, explica Claudia Vald\u00e9s Mu\u00f1oz, fundadora de BBSC, especialista en servicios contables y tributarios.<\/p>\n\n\n\n<p class=\"wp-block-paragraph\">La ley tambi\u00e9n incorpor\u00f3 una figura que introduce un riesgo nuevo para las empresas: el denunciante an\u00f3nimo. Quien colabore voluntariamente aportando antecedentes sustanciales sobre un delito tributario puede acceder al 10% de la multa que se aplique como resultado. En t\u00e9rminos concretos, un colaborador molesto, un exsocio o alguien con acceso a la informaci\u00f3n interna pasa a tener un incentivo econ\u00f3mico directo para reportar irregularidades.<\/p>\n\n\n\n<p class=\"wp-block-paragraph\">Otro elemento, m\u00e1s operativo pero igual de relevante, es que las notificaciones del SII ahora se realizan preferentemente por correo electr\u00f3nico. No mantener actualizado el correo registrado ante el Servicio puede significar enterarse tarde de una fiscalizaci\u00f3n y perder plazos valiosos para responder.<\/p>\n\n\n\n<p class=\"wp-block-paragraph\">\u201cMuchas empresas todav\u00eda tratan la contabilidad como un tr\u00e1mite: emitir, declarar, pagar. El cambio de fondo es que hoy la contabilidad es gesti\u00f3n de riesgo. La pregunta ya no es solo si est\u00e1n las declaraciones al d\u00eda, sino si la empresa podr\u00eda explicar y respaldar cada operaci\u00f3n si ma\u00f1ana el SII se lo pide\u201d, comenta la fundadora de BBSC.<\/p>\n\n\n\n<p class=\"wp-block-paragraph\">Sin embargo, no todo es riesgo. La misma Ley N\u00b0 21.713 abri\u00f3 una v\u00eda para las empresas que ordenan su cumplimiento: la certificaci\u00f3n anual de sostenibilidad tributaria y los acuerdos de cooperaci\u00f3n con el SII, un mecanismo alineado con las recomendaciones de la OCDE para construir relaciones de mayor confianza entre el Servicio y los contribuyentes. En febrero de 2026, el SII firm\u00f3 su primer acuerdo de cooperaci\u00f3n con un grupo empresarial bajo este nuevo marco.<\/p>\n\n\n\n<p class=\"wp-block-paragraph\">Para Vald\u00e9s, ah\u00ed est\u00e1 la oportunidad que las medianas empresas suelen pasar por alto. \u201cLas organizaciones que hacen bien la tarea no solo evitan multas, tambi\u00e9n pueden aspirar a una relaci\u00f3n de menor fricci\u00f3n con la autoridad. El punto es que ese camino se construye antes, con asesor\u00eda preventiva, no cuando ya lleg\u00f3 la citaci\u00f3n\u201d, aclara.<\/p>\n\n\n\n<p class=\"wp-block-paragraph\">El mensaje de fondo, en un a\u00f1o en que el SII declar\u00f3 a los grupos empresariales entre sus focos de fiscalizaci\u00f3n, es que el margen para la desprolijidad se estrech\u00f3. Y que, para una mediana empresa, la diferencia entre una contingencia costosa y una fiscalizaci\u00f3n sin sobresaltos suele decidirse mucho antes de que el organismo fiscalizador toque la puerta.<\/p>\n","protected":false},"excerpt":{"rendered":"<p>Este a\u00f1o, las medianas empresas chilenas se enfrentan a un escenario de fiscalizaci\u00f3n m\u00e1s estricto y menos predecible. Por eso, la contabilidad no debe ser vista como un mero tr\u00e1mite, sino tambi\u00e9n como una herramienta clave para la gesti\u00f3n de riesgos. <\/p>\n","protected":false},"author":1,"featured_media":37274,"comment_status":"closed","ping_status":"closed","sticky":false,"template":"","format":"standard","meta":{"footnotes":""},"categories":[3,12,4396,3842,4843,4837],"tags":[2118,366,337,273,247,133],"class_list":["post-37273","post","type-post","status-publish","format-standard","has-post-thumbnail","hentry","category-al-dia","category-economia","category-especialista","category-politicas-publicas","category-tema-juridico","category-tema-pais","tag-semanariolocal","tag-economia","tag-informacion","tag-noticias","tag-region-de-los-lagos","tag-semanario-local"],"_links":{"self":[{"href":"https:\/\/www.semanariolocal.cl\/index.php?rest_route=\/wp\/v2\/posts\/37273","targetHints":{"allow":["GET"]}}],"collection":[{"href":"https:\/\/www.semanariolocal.cl\/index.php?rest_route=\/wp\/v2\/posts"}],"about":[{"href":"https:\/\/www.semanariolocal.cl\/index.php?rest_route=\/wp\/v2\/types\/post"}],"author":[{"embeddable":true,"href":"https:\/\/www.semanariolocal.cl\/index.php?rest_route=\/wp\/v2\/users\/1"}],"replies":[{"embeddable":true,"href":"https:\/\/www.semanariolocal.cl\/index.php?rest_route=%2Fwp%2Fv2%2Fcomments&post=37273"}],"version-history":[{"count":1,"href":"https:\/\/www.semanariolocal.cl\/index.php?rest_route=\/wp\/v2\/posts\/37273\/revisions"}],"predecessor-version":[{"id":37275,"href":"https:\/\/www.semanariolocal.cl\/index.php?rest_route=\/wp\/v2\/posts\/37273\/revisions\/37275"}],"wp:featuredmedia":[{"embeddable":true,"href":"https:\/\/www.semanariolocal.cl\/index.php?rest_route=\/wp\/v2\/media\/37274"}],"wp:attachment":[{"href":"https:\/\/www.semanariolocal.cl\/index.php?rest_route=%2Fwp%2Fv2%2Fmedia&parent=37273"}],"wp:term":[{"taxonomy":"category","embeddable":true,"href":"https:\/\/www.semanariolocal.cl\/index.php?rest_route=%2Fwp%2Fv2%2Fcategories&post=37273"},{"taxonomy":"post_tag","embeddable":true,"href":"https:\/\/www.semanariolocal.cl\/index.php?rest_route=%2Fwp%2Fv2%2Ftags&post=37273"}],"curies":[{"name":"wp","href":"https:\/\/api.w.org\/{rel}","templated":true}]}}