{"id":3727,"date":"2021-12-29T19:23:26","date_gmt":"2021-12-29T22:23:26","guid":{"rendered":"https:\/\/www.semanariolocal.cl\/?p=3727"},"modified":"2021-12-29T19:23:27","modified_gmt":"2021-12-29T22:23:27","slug":"hoy-miercoles-29-finaliza-proceso-2022-de-inscripcion-en-jardines-junji","status":"publish","type":"post","link":"https:\/\/www.semanariolocal.cl\/?p=3727","title":{"rendered":"Hoy mi\u00e9rcoles 29  finaliza proceso 2022 de inscripci\u00f3n en Jardines JUNJI"},"content":{"rendered":"\n<p style=\"font-size:17px\">El objetivo es reforzar el regreso presencial de ni\u00f1as y ni\u00f1os entre 0 a 4 a\u00f1os a sus jardines infantiles, luego de un prolongado periodo de pandemia que implic\u00f3 un fuerte impacto al desarrollo de sus procesos educativos. Y donde las familias interesadas podr\u00e1n postular a sus hijos e hijas a las vacantes generadas por la JUNJI.<\/p>\n\n\n\n<p style=\"font-size:17px\">Los resultados del proceso de inscripci\u00f3n se dar\u00e1n a conocer a la ciudadan\u00eda a partir del pr\u00f3ximo mi\u00e9rcoles 5 de enero a las 9:00 horas.<\/p>\n\n\n\n<p style=\"font-size:17px\">Eduardo Hern\u00e1ndez, director regional de la Instituci\u00f3n, invit\u00f3 a la comunidad a ser parte de la Red JUNJI, \u201cEsto para seguir entregando un apoyo importante a muchas familias y poder continuar con este proceso educativo inicial, trascendental para el desarrollo y futuro de las personas\u201d, sostuvo Hern\u00e1ndez.<\/p>\n\n\n\n<p style=\"font-size:17px\">Asimismo, el personero anunci\u00f3 que la Regi\u00f3n de Los Lagos cuenta con 1.500 vacantes disponibles para la ciudadan\u00eda y reiter\u00f3 que este es un servicio educativo de calidad que no tiene costo para las familias.<\/p>\n\n\n\n<p style=\"font-size:17px\">\u201cLa educaci\u00f3n parvularia y el jard\u00edn infantil son fundamentales y la pandemia nos demostr\u00f3 que la educaci\u00f3n inicial es indispensable y se necesita de equipos id\u00f3neos para llevar a cabo los procesos pedag\u00f3gicos de ni\u00f1as y ni\u00f1os. Es importante que las familias comprendan que esta etapa es importante y la asistencia al jard\u00edn infantil, tambi\u00e9n\u201d, destaca la vicepresidenta ejecutiva de JUNJI, Adriana Gaete.<\/p>\n\n\n\n<p style=\"font-size:17px\">Dado el contexto sanitario actual, quienes prefieran acercarse a la unidad educativa de su preferencia, deber\u00e1n hacerlo respetando los protocolos Covid-19 indicados en el lugar y en los horarios que indique la direcci\u00f3n del establecimiento educativo.<\/p>\n","protected":false},"excerpt":{"rendered":"<p>Campa\u00f1a \u201cTe invito a Mi jard\u00edn\u00bb termina a las 23:59 horas de este mi\u00e9rcoles 29 de diciembre de 2021, postulaciones que se realizan a trav\u00e9s de la plataforma SIM Online disponible en www.junji.gob.cl (banner Postula a Un Jard\u00edn Infantil).<\/p>\n","protected":false},"author":1,"featured_media":3728,"comment_status":"closed","ping_status":"closed","sticky":false,"template":"","format":"standard","meta":{"footnotes":""},"categories":[3,11],"tags":[],"class_list":["post-3727","post","type-post","status-publish","format-standard","has-post-thumbnail","hentry","category-al-dia","category-educacion"],"_links":{"self":[{"href":"https:\/\/www.semanariolocal.cl\/index.php?rest_route=\/wp\/v2\/posts\/3727","targetHints":{"allow":["GET"]}}],"collection":[{"href":"https:\/\/www.semanariolocal.cl\/index.php?rest_route=\/wp\/v2\/posts"}],"about":[{"href":"https:\/\/www.semanariolocal.cl\/index.php?rest_route=\/wp\/v2\/types\/post"}],"author":[{"embeddable":true,"href":"https:\/\/www.semanariolocal.cl\/index.php?rest_route=\/wp\/v2\/users\/1"}],"replies":[{"embeddable":true,"href":"https:\/\/www.semanariolocal.cl\/index.php?rest_route=%2Fwp%2Fv2%2Fcomments&post=3727"}],"version-history":[{"count":1,"href":"https:\/\/www.semanariolocal.cl\/index.php?rest_route=\/wp\/v2\/posts\/3727\/revisions"}],"predecessor-version":[{"id":3729,"href":"https:\/\/www.semanariolocal.cl\/index.php?rest_route=\/wp\/v2\/posts\/3727\/revisions\/3729"}],"wp:featuredmedia":[{"embeddable":true,"href":"https:\/\/www.semanariolocal.cl\/index.php?rest_route=\/wp\/v2\/media\/3728"}],"wp:attachment":[{"href":"https:\/\/www.semanariolocal.cl\/index.php?rest_route=%2Fwp%2Fv2%2Fmedia&parent=3727"}],"wp:term":[{"taxonomy":"category","embeddable":true,"href":"https:\/\/www.semanariolocal.cl\/index.php?rest_route=%2Fwp%2Fv2%2Fcategories&post=3727"},{"taxonomy":"post_tag","embeddable":true,"href":"https:\/\/www.semanariolocal.cl\/index.php?rest_route=%2Fwp%2Fv2%2Ftags&post=3727"}],"curies":[{"name":"wp","href":"https:\/\/api.w.org\/{rel}","templated":true}]}}