{"id":37268,"date":"2026-08-29T10:30:00","date_gmt":"2026-08-29T14:30:00","guid":{"rendered":"https:\/\/www.semanariolocal.cl\/?p=37268"},"modified":"2026-09-01T21:53:42","modified_gmt":"2026-09-02T01:53:42","slug":"cynthia-rimsky-es-la-septima-mujer-en-obtener-el-premio-nacional-de-literatura-2026","status":"publish","type":"post","link":"https:\/\/www.semanariolocal.cl\/?p=37268","title":{"rendered":"Cynthia Rimsky s\u00e9ptima mujer en obtener el Premio Nacional de Literatura"},"content":{"rendered":"\n<p class=\"wp-block-paragraph\"><strong><mark style=\"background-color:#abb8c3\" class=\"has-inline-color has-white-color\">29 de Agosto del 2026.-<\/mark><\/strong> Con m\u00e1s de 10 libros publicados y due\u00f1a de uno de los proyectos literarios m\u00e1s originales e influyentes de la literatura chilena contempor\u00e1nea; la escritora, periodista y acad\u00e9mica, Cynthia Rimsky (\u201cPoste restante\u201d, \u201cClara y confusa\u201d), se convirti\u00f3 hoy en la s\u00e9ptima mujer en obtener el Premio Nacional de Literatura 2026, correspondiente a narrativa.<\/p>\n\n\n\n<p class=\"wp-block-paragraph\">La noticia fue anunciada desde el Palacio Pereira por el ministro de las Culturas, las Artes y el Patrimonio, Francisco Undurraga, junto al jurado que preside y que sesion\u00f3 previamente en el mismo recinto y a la propia autora, quien lleg\u00f3 hasta all\u00ed para conocer la noticia.<\/p>\n\n\n\n<p class=\"wp-block-paragraph\">\u201cQuer\u00eda agradecer a este jurado, en nombre de todos los escritores y escritoras chilenas. Sabemos que \u00e9ste no es un oficio f\u00e1cil, que se hace con mucho sacrificio y que estos premios, las becas de creaci\u00f3n y los Fondos de Cultura ayudan a que podamos desarrollarlo y a que la literatura, que es una dimensi\u00f3n que en este momento es m\u00e1s necesaria que nunca, porque permite imaginarnos otros mundos y otras maneras de vivir; siga existiendo y se mantenga vigente\u201d, dijo la ganadora Cynthia Rimsky.<\/p>\n\n\n\n<p class=\"wp-block-paragraph\">El acta del jurado -le\u00edda por el ministro Francisco Undurraga- destaca que la autora \u201cha construido una manera propia y reconocible de narrar historias que han cautivado al p\u00fablico m\u00e1s all\u00e1 de las fronteras nacionales.&nbsp;Se trata de una trayectoria consistente que ha creado una forma narrativa propia.&nbsp;Sus libros no obedecen f\u00e1cilmente a las categor\u00edas de novela, cr\u00f3nica, autobiograf\u00eda, diarios de viaje o ensayo. Tienen un poco de cada elemento y a partir de ello construyen algo distinto. Un algo que la releva, la diferencia y la hace merecedora de este reconocimiento\u201d.&nbsp;<\/p>\n\n\n\n<p class=\"wp-block-paragraph\">\u201cCynthia Rimsky es una viajera en los grandes procesos narrativos. Su palabra avanza mediante fragmentos, documentos, fotograf\u00edas, digresiones, observaciones laterales y asociaciones inesperadas. Es una autora que convierte los desplazamientos en una estructura potente para la literatura chilena\u201d, agrega el documento.<\/p>\n\n\n\n<p class=\"wp-block-paragraph\">El jurado del Premio Nacional de Literatura fue integrado tambi\u00e9n por Alejandra Mizala, rectora de la Universidad de Chile; Ram\u00f3n D\u00edaz Eterovic, Premio Nacional de Literatura 2025; Jos\u00e9 Antonio Guzm\u00e1n, rector de la Universidad de Los Andes, en representaci\u00f3n del Consejo de Rectores; Pedro Pablo Zegers, en representaci\u00f3n de la Academia Chilena de la Lengua; y Diamela Eltit y Pedro Gandolfo, representantes del Consejo Nacional de las Culturas, las Artes y el Patrimonio.<\/p>\n\n\n\n<p class=\"wp-block-paragraph\"><strong>Cynthia Rimsky<\/strong><\/p>\n\n\n\n<p class=\"wp-block-paragraph\">Cynthia Rimsky (Santiago de Chile, 1962) es escritora, periodista y acad\u00e9mica chilena, residente en Argentina. Su obra se caracteriza por una escritura h\u00edbrida que transita entre la cr\u00f3nica de viajes, la autobiograf\u00eda, la autoficci\u00f3n y el ensayo, y que explora temas como la memoria, el desplazamiento, la identidad y las formas contempor\u00e1neas del relato.<\/p>\n\n\n\n<p class=\"wp-block-paragraph\">Sus publicaciones se caracterizan por una escritura que transita entre la cr\u00f3nica de viajes, la autobiograf\u00eda, la autoficci\u00f3n y el ensayo, y que explora temas como la memoria, el desplazamiento, la identidad y las formas contempor\u00e1neas del relato.<\/p>\n\n\n\n<p class=\"wp-block-paragraph\">La relevancia de su obra ha sido ampliamente reconocida tanto en Chile como en el extranjero. Sus libros han sido objeto de m\u00faltiples reediciones y traducciones (Chile, Hispanoam\u00e9rica, Brasil, Italia y Turqu\u00eda), forman parte de los programas de ense\u00f1anza de universidades de Am\u00e9rica y Europa, y constituyen un referente obligado para investigadores especializados en literatura latinoamericana contempor\u00e1nea. Su producci\u00f3n es le\u00edda, estudiada y discutida en instituciones acad\u00e9micas de reconocido prestigio internacional, lo que confirma la proyecci\u00f3n de una obra cuyo impacto excede ampliamente las fronteras nacionales.<\/p>\n\n\n\n<p class=\"wp-block-paragraph\">Es una de las ganadoras del Premio Herralde de Novela 2024 con su obra \u201cClara y confusa\u201d.<\/p>\n\n\n\n<p class=\"wp-block-paragraph\"><strong>Sobre el Premio Nacional de Literatura<\/strong><\/p>\n\n\n\n<p class=\"wp-block-paragraph\">El Premio Nacional es uno de los m\u00e1ximos reconocimiento que entrega el Estado de Chile -a trav\u00e9s del Ministerio de las Culturas, las Artes y el Patrimonio- a la obra de artistas nacionales, quienes por su excelencia, creatividad, aporte trascendente a la cultura nacional y al desarrollo del saber y de las artes, son acreedores de estos galardones.<\/p>\n\n\n\n<p class=\"wp-block-paragraph\">El ganador recibir\u00e1 un diploma, una suma que se reajusta anualmente desde 1993 (de acuerdo a variaci\u00f3n IPC del a\u00f1o calendario anterior); y una pensi\u00f3n vitalicia mensual equivalente a 20 unidades tributarias mensuales (UTM).<\/p>\n","protected":false},"excerpt":{"rendered":"<p>El reconocimiento anunciado por el ministro Francisco Undurraga, desde el Palacio Pereira, lugar donde sesion\u00f3 el jurado y hasta donde lleg\u00f3 la escritora para recibir la esperada noticia. El acta destac\u00f3 que la autora \u201cha creado una forma narrativa propia\u201d.<\/p>\n","protected":false},"author":1,"featured_media":37269,"comment_status":"closed","ping_status":"closed","sticky":false,"template":"","format":"standard","meta":{"footnotes":""},"categories":[3302,3,2691,2540,10,2431],"tags":[2118,337,273,247,133],"class_list":["post-37268","post","type-post","status-publish","format-standard","has-post-thumbnail","hentry","category-academia","category-al-dia","category-arte","category-ciencia","category-cultura","category-literatura","tag-semanariolocal","tag-informacion","tag-noticias","tag-region-de-los-lagos","tag-semanario-local"],"_links":{"self":[{"href":"https:\/\/www.semanariolocal.cl\/index.php?rest_route=\/wp\/v2\/posts\/37268","targetHints":{"allow":["GET"]}}],"collection":[{"href":"https:\/\/www.semanariolocal.cl\/index.php?rest_route=\/wp\/v2\/posts"}],"about":[{"href":"https:\/\/www.semanariolocal.cl\/index.php?rest_route=\/wp\/v2\/types\/post"}],"author":[{"embeddable":true,"href":"https:\/\/www.semanariolocal.cl\/index.php?rest_route=\/wp\/v2\/users\/1"}],"replies":[{"embeddable":true,"href":"https:\/\/www.semanariolocal.cl\/index.php?rest_route=%2Fwp%2Fv2%2Fcomments&post=37268"}],"version-history":[{"count":3,"href":"https:\/\/www.semanariolocal.cl\/index.php?rest_route=\/wp\/v2\/posts\/37268\/revisions"}],"predecessor-version":[{"id":37272,"href":"https:\/\/www.semanariolocal.cl\/index.php?rest_route=\/wp\/v2\/posts\/37268\/revisions\/37272"}],"wp:featuredmedia":[{"embeddable":true,"href":"https:\/\/www.semanariolocal.cl\/index.php?rest_route=\/wp\/v2\/media\/37269"}],"wp:attachment":[{"href":"https:\/\/www.semanariolocal.cl\/index.php?rest_route=%2Fwp%2Fv2%2Fmedia&parent=37268"}],"wp:term":[{"taxonomy":"category","embeddable":true,"href":"https:\/\/www.semanariolocal.cl\/index.php?rest_route=%2Fwp%2Fv2%2Fcategories&post=37268"},{"taxonomy":"post_tag","embeddable":true,"href":"https:\/\/www.semanariolocal.cl\/index.php?rest_route=%2Fwp%2Fv2%2Ftags&post=37268"}],"curies":[{"name":"wp","href":"https:\/\/api.w.org\/{rel}","templated":true}]}}