{"id":37261,"date":"2026-09-01T10:55:00","date_gmt":"2026-09-01T14:55:00","guid":{"rendered":"https:\/\/www.semanariolocal.cl\/?p=37261"},"modified":"2026-09-01T21:36:02","modified_gmt":"2026-09-02T01:36:02","slug":"la-ia-tramita-quien-responde","status":"publish","type":"post","link":"https:\/\/www.semanariolocal.cl\/?p=37261","title":{"rendered":"La IA tramita, \u00bfQui\u00e9n responde?"},"content":{"rendered":"\n<p class=\"wp-block-paragraph\"><strong><mark style=\"background-color:#abb8c3\" class=\"has-inline-color has-white-color\">01 de Septiembre del 2026.- <\/mark><\/strong>El 22 de agosto el Gobierno instal\u00f3 una mesa de expertos para poner inteligencia artificial en los permisos sectoriales. La espera es escandalosa. Un proyecto de inversi\u00f3n demora en promedio 6,6 a\u00f1os en autorizarse, y la mayor parte de ese plazo no es an\u00e1lisis t\u00e9cnico, es escritorio. Revisiones que vuelven, observaciones que se repiten, servicios que no conversan entre s\u00ed. El debate ya se orden\u00f3 en dos hinchadas, entusiastas y alarmistas, y ambas miran mal. La inteligencia artificial no suprime la discrecionalidad del poder p\u00fablico. La desplaza fuera de la vista ciudadana.<\/p>\n\n\n\n<p class=\"wp-block-paragraph\">En ese tiempo muerto la tecnolog\u00eda rinde, y el piloto en concesiones mar\u00edtimas lo sugiere. Pero acelerar el escritorio no toca el tiempo del conflicto, la participaci\u00f3n ni la evaluaci\u00f3n de fondo. Hace dos d\u00e9cadas Bovens y Zouridis describieron el paso de la burocracia de ventanilla a la de sistema. Cuando un algoritmo procesa expedientes, la decisi\u00f3n deja de tomarla un funcionario frente al caso y pasa a quien dise\u00f1\u00f3 el sistema antes de que el caso existiera, al definir qu\u00e9 datos se miran y qu\u00e9 umbral gatilla una observaci\u00f3n. Ese poder es t\u00e9cnico, opaco y casi imposible de impugnar, porque reclamar exige conocer las razones y estas quedan enterradas en el dise\u00f1o. En Estonia los tribunales anularon permisos autom\u00e1ticos de tala porque ni la propia autoridad sab\u00eda explicar por qu\u00e9 se otorgaron. Chile no necesita importar el fracaso. Alerta Ni\u00f1ez ya asign\u00f3 puntajes a menores con predicciones inexactas y datos sin consentimiento, estigmatizando a los m\u00e1s pobres, que son quienes dejan huella en el sistema.<\/p>\n\n\n\n<p class=\"wp-block-paragraph\">Hay asimetr\u00edas que el entusiasmo prefiere no ver. Las grandes empresas ya arman expedientes con estas herramientas mientras el Estado revisa a mano, y si la revisi\u00f3n p\u00fablica no se moderniza al mismo ritmo, la velocidad ser\u00e1 privilegio de quien pague la sofisticaci\u00f3n. Am\u00e9rica Latina, adem\u00e1s, importa modelos entrenados en el Norte global, sin adaptaci\u00f3n local, en clave de productividad antes que de derechos. Tampoco basta la coartada del humano supervisando. Sin autoridad, tiempo y competencia para revertir, esa vigilancia es un ritual que legitima sin controlar.<\/p>\n\n\n\n<p class=\"wp-block-paragraph\">Modernizar as\u00ed no solo es posible, es necesario. Pero exige candados. Registro p\u00fablico de algoritmos, evaluaci\u00f3n de impacto previa, supervisores con poder real de correcci\u00f3n y derecho efectivo a impugnar ante una persona. El riesgo mayor no es que la m\u00e1quina decida mal. Es que, fascinados por la velocidad, decidamos no mirar.<\/p>\n\n\n\n<p class=\"wp-block-paragraph\"><strong>Alan Sep\u00falveda Rodr\u00edguez &#8211; Acad\u00e9mico de Administraci\u00f3n P\u00fablica, Universidad Central de Chile, Regi\u00f3n de Coquimbo<\/strong><\/p>\n","protected":false},"excerpt":{"rendered":"<p>\u00bf Sabia Usted que un proyecto de inversi\u00f3n demora en promedio 6,6 a\u00f1os en autorizarse, y la mayor parte de ese plazo no es an\u00e1lisis t\u00e9cnico, es escritorio.? <\/p>\n","protected":false},"author":1,"featured_media":37262,"comment_status":"closed","ping_status":"closed","sticky":false,"template":"","format":"standard","meta":{"footnotes":""},"categories":[3,11,4989,4747,7,2514],"tags":[337,273,247,133],"class_list":["post-37261","post","type-post","status-publish","format-standard","has-post-thumbnail","hentry","category-al-dia","category-educacion","category-informatica-y-redes","category-ninez","category-opinion","category-tecnologia","tag-informacion","tag-noticias","tag-region-de-los-lagos","tag-semanario-local"],"_links":{"self":[{"href":"https:\/\/www.semanariolocal.cl\/index.php?rest_route=\/wp\/v2\/posts\/37261","targetHints":{"allow":["GET"]}}],"collection":[{"href":"https:\/\/www.semanariolocal.cl\/index.php?rest_route=\/wp\/v2\/posts"}],"about":[{"href":"https:\/\/www.semanariolocal.cl\/index.php?rest_route=\/wp\/v2\/types\/post"}],"author":[{"embeddable":true,"href":"https:\/\/www.semanariolocal.cl\/index.php?rest_route=\/wp\/v2\/users\/1"}],"replies":[{"embeddable":true,"href":"https:\/\/www.semanariolocal.cl\/index.php?rest_route=%2Fwp%2Fv2%2Fcomments&post=37261"}],"version-history":[{"count":2,"href":"https:\/\/www.semanariolocal.cl\/index.php?rest_route=\/wp\/v2\/posts\/37261\/revisions"}],"predecessor-version":[{"id":37264,"href":"https:\/\/www.semanariolocal.cl\/index.php?rest_route=\/wp\/v2\/posts\/37261\/revisions\/37264"}],"wp:featuredmedia":[{"embeddable":true,"href":"https:\/\/www.semanariolocal.cl\/index.php?rest_route=\/wp\/v2\/media\/37262"}],"wp:attachment":[{"href":"https:\/\/www.semanariolocal.cl\/index.php?rest_route=%2Fwp%2Fv2%2Fmedia&parent=37261"}],"wp:term":[{"taxonomy":"category","embeddable":true,"href":"https:\/\/www.semanariolocal.cl\/index.php?rest_route=%2Fwp%2Fv2%2Fcategories&post=37261"},{"taxonomy":"post_tag","embeddable":true,"href":"https:\/\/www.semanariolocal.cl\/index.php?rest_route=%2Fwp%2Fv2%2Ftags&post=37261"}],"curies":[{"name":"wp","href":"https:\/\/api.w.org\/{rel}","templated":true}]}}