{"id":37258,"date":"2026-09-01T10:50:00","date_gmt":"2026-09-01T14:50:00","guid":{"rendered":"https:\/\/www.semanariolocal.cl\/?p=37258"},"modified":"2026-09-01T21:24:44","modified_gmt":"2026-09-02T01:24:44","slug":"el-verdadero-problema-de-prohibir-las-redes-sociales","status":"publish","type":"post","link":"https:\/\/www.semanariolocal.cl\/?p=37258","title":{"rendered":"El verdadero problema de prohibir las redes sociales&#8230;"},"content":{"rendered":"\n<p class=\"wp-block-paragraph\"><strong><mark style=\"background-color:#abb8c3\" class=\"has-inline-color has-white-color\">01 de Septiembre del 2026.-<\/mark><\/strong> El gobierno franc\u00e9s decidi\u00f3 prohibir el acceso a redes sociales a menores de 15 a\u00f1os sin autorizaci\u00f3n expresa de sus padres e instal\u00f3 as\u00ed un debate que trasciende las fronteras europeas. Mientras el objetivo de la medida apunta a reducir el ciberacoso, la adicci\u00f3n digital y los problemas de salud mental, la discusi\u00f3n abre una interrogante m\u00e1s profunda: \u00bfes suficiente restringir el acceso a estas plataformas?<\/p>\n\n\n\n<p class=\"wp-block-paragraph\">Para el doctor en Sociolog\u00eda y acad\u00e9mico del&nbsp;<a href=\"https:\/\/www.uoh.cl\/instituto-ciencias-de-la-salud\/\" target=\"_blank\" rel=\"noopener\">Instituto de Ciencias de la Salud<\/a>&nbsp;de la&nbsp;<a href=\"http:\/\/www.uoh.cl\/\" target=\"_blank\" rel=\"noopener\">Universidad de O&#8217;Higgins<\/a>&nbsp;(UOH),&nbsp;<a href=\"https:\/\/www.uoh.cl\/investigacion\/academico\/jorge-gallardo-cochifas\/\" target=\"_blank\" rel=\"noopener\">Jorge Gallardo<\/a>, la respuesta exige mirar m\u00e1s all\u00e1 de la tecnolog\u00eda. \u201cSi como sociedad hemos llegado al punto de plantear prohibiciones o restricciones de este tipo, es porque estamos reaccionando tard\u00edamente frente a un fen\u00f3meno que no fue suficientemente discutido cuando comenz\u00f3 a expandirse\u201d, afirma.<\/p>\n\n\n\n<p class=\"wp-block-paragraph\">El investigador sostiene que cualquier regulaci\u00f3n debe analizar cuidadosamente su implementaci\u00f3n, especialmente por las implicancias que tendr\u00eda en materia de privacidad y protecci\u00f3n de datos personales. Sin embargo, insiste en que el debate no puede limitarse \u00fanicamente a los mecanismos de control. \u201cDurante demasiado tiempo no evaluamos cr\u00edticamente qu\u00e9 implicaba exponer a los menores de edad a plataformas dise\u00f1adas en funci\u00f3n de intereses comerciales y algoritmos que pueden favorecer din\u00e1micas de violencia, acoso o uso problem\u00e1tico\u201d, explica.<\/p>\n\n\n\n<p class=\"wp-block-paragraph\"><strong>Una generaci\u00f3n que aprendi\u00f3 a socializar en internet<\/strong><\/p>\n\n\n\n<p class=\"wp-block-paragraph\">Para Gallardo, el fen\u00f3meno va mucho m\u00e1s all\u00e1 del tiempo que los adolescentes pasan frente a una pantalla. Lo que realmente cambi\u00f3 fue la forma en que aprendieron a relacionarse con otras personas.<\/p>\n\n\n\n<p class=\"wp-block-paragraph\">Durante a\u00f1os predomin\u00f3 la idea de que las nuevas generaciones eran \u201cnativos digitales\u201d capaces de desenvolverse naturalmente en internet. Sin embargo, mientras esa capacidad tecnol\u00f3gica era celebrada, pas\u00f3 inadvertido que una parte importante de sus procesos de socializaci\u00f3n estaba dejando de ocurrir en la familia, el barrio o la escuela para trasladarse a plataformas digitales.<\/p>\n\n\n\n<p class=\"wp-block-paragraph\">En esos espacios, explica el investigador, es posible elegir con qui\u00e9n interactuar, abandonar conversaciones, bloquear opiniones distintas o reunirse \u00fanicamente con personas que piensan de manera similar, una l\u00f3gica muy diferente a la convivencia cotidiana.<\/p>\n\n\n\n<p class=\"wp-block-paragraph\">\u201cFuera de las pantallas convivir supone aceptar diferencias, enfrentar frustraciones y aprender a relacionarse con personas diversas. Esa experiencia es muy distinta a la que ofrecen los algoritmos\u201d, sostiene.<\/p>\n\n\n\n<p class=\"wp-block-paragraph\"><strong>Ni prohibici\u00f3n absoluta ni libertad sin l\u00edmites<\/strong><\/p>\n\n\n\n<p class=\"wp-block-paragraph\">La evidencia cient\u00edfica muestra que reducir la exposici\u00f3n a redes sociales puede favorecer la salud mental, disminuyendo s\u00edntomas de ansiedad y depresi\u00f3n asociados a la comparaci\u00f3n permanente, la validaci\u00f3n constante y la presi\u00f3n por proyectar una imagen idealizada.<\/p>\n\n\n\n<p class=\"wp-block-paragraph\">Sin embargo, Gallardo advierte que un alejamiento abrupto tampoco resolver\u00eda el problema. \u201cHoy muchos adolescentes han construido parte importante de sus v\u00ednculos en estos espacios. Un corte repentino podr\u00eda generar nuevas formas de aislamiento. El desaf\u00edo consiste en desarrollar capacidades para usar las redes de manera aut\u00f3noma y cr\u00edtica, para que sean las personas quienes controlen las plataformas y no las plataformas las que terminen organizando la vida de las personas\u201d, se\u00f1ala.<\/p>\n\n\n\n<p class=\"wp-block-paragraph\"><strong>Sociedad m\u00e1s individualizada<\/strong><\/p>\n\n\n\n<p class=\"wp-block-paragraph\">El acad\u00e9mico insiste en que ser\u00eda un error atribuir exclusivamente a las plataformas digitales el deterioro de la salud mental. A su juicio, las redes sociales amplifican procesos que Chile viene experimentando desde hace d\u00e9cadas: la disminuci\u00f3n de los espacios comunitarios, el debilitamiento de la participaci\u00f3n social y una creciente cultura de la individualizaci\u00f3n.<\/p>\n\n\n\n<p class=\"wp-block-paragraph\">\u201cSi como sociedad ofrecemos cada vez menos espacios para encontrarse, participar y construir comunidad, es esperable que ni\u00f1os, adolescentes y j\u00f3venes busquen esas experiencias donde s\u00ed est\u00e1n disponibles: en internet\u201d, plantea.<\/p>\n\n\n\n<p class=\"wp-block-paragraph\">Por ello, considera que el debate abierto por Francia representa una oportunidad para que Chile avance hacia una discusi\u00f3n mucho m\u00e1s amplia. \u201cSi queremos mejorar la salud mental de las nuevas generaciones, no basta con cuestionar el uso de las plataformas digitales. Tambi\u00e9n necesitamos reconstruir espacios de encuentro, fortalecer los v\u00ednculos comunitarios y ofrecer oportunidades para que ni\u00f1os, adolescentes y j\u00f3venes desarrollen relaciones sociales significativas fuera del entorno digital\u201d, concluye.<\/p>\n","protected":false},"excerpt":{"rendered":"<p>La decisi\u00f3n de Francia de restringir el acceso a redes sociales para menores de 15 a\u00f1os reabri\u00f3 un debate mundial. El acad\u00e9mico Jorge Gallardo plantea que las plataformas digitales no son el origen del problema, sino el reflejo de una sociedad que -durante a\u00f1os- dej\u00f3 que buena parte de la formaci\u00f3n social de ni\u00f1os y adolescentes ocurriera en espacios gobernados por algoritmos e intereses comerciales.<\/p>\n","protected":false},"author":1,"featured_media":37259,"comment_status":"closed","ping_status":"closed","sticky":false,"template":"","format":"standard","meta":{"footnotes":""},"categories":[5114,4357,4989,4738,4747,5113,4395,2514],"tags":[2118,337,273,247,133],"class_list":["post-37258","post","type-post","status-publish","format-standard","has-post-thumbnail","hentry","category-adolescentes","category-estudio-publico","category-informatica-y-redes","category-jovenes","category-ninez","category-preadolecencia","category-sociedad","category-tecnologia","tag-semanariolocal","tag-informacion","tag-noticias","tag-region-de-los-lagos","tag-semanario-local"],"_links":{"self":[{"href":"https:\/\/www.semanariolocal.cl\/index.php?rest_route=\/wp\/v2\/posts\/37258","targetHints":{"allow":["GET"]}}],"collection":[{"href":"https:\/\/www.semanariolocal.cl\/index.php?rest_route=\/wp\/v2\/posts"}],"about":[{"href":"https:\/\/www.semanariolocal.cl\/index.php?rest_route=\/wp\/v2\/types\/post"}],"author":[{"embeddable":true,"href":"https:\/\/www.semanariolocal.cl\/index.php?rest_route=\/wp\/v2\/users\/1"}],"replies":[{"embeddable":true,"href":"https:\/\/www.semanariolocal.cl\/index.php?rest_route=%2Fwp%2Fv2%2Fcomments&post=37258"}],"version-history":[{"count":1,"href":"https:\/\/www.semanariolocal.cl\/index.php?rest_route=\/wp\/v2\/posts\/37258\/revisions"}],"predecessor-version":[{"id":37260,"href":"https:\/\/www.semanariolocal.cl\/index.php?rest_route=\/wp\/v2\/posts\/37258\/revisions\/37260"}],"wp:featuredmedia":[{"embeddable":true,"href":"https:\/\/www.semanariolocal.cl\/index.php?rest_route=\/wp\/v2\/media\/37259"}],"wp:attachment":[{"href":"https:\/\/www.semanariolocal.cl\/index.php?rest_route=%2Fwp%2Fv2%2Fmedia&parent=37258"}],"wp:term":[{"taxonomy":"category","embeddable":true,"href":"https:\/\/www.semanariolocal.cl\/index.php?rest_route=%2Fwp%2Fv2%2Fcategories&post=37258"},{"taxonomy":"post_tag","embeddable":true,"href":"https:\/\/www.semanariolocal.cl\/index.php?rest_route=%2Fwp%2Fv2%2Ftags&post=37258"}],"curies":[{"name":"wp","href":"https:\/\/api.w.org\/{rel}","templated":true}]}}