{"id":37255,"date":"2026-09-01T11:00:00","date_gmt":"2026-09-01T15:00:00","guid":{"rendered":"https:\/\/www.semanariolocal.cl\/?p=37255"},"modified":"2026-09-01T21:18:45","modified_gmt":"2026-09-02T01:18:45","slug":"nino-intoxicado-con-cocaina-en-vina-del-mar-toxicologo-explica-riesgos","status":"publish","type":"post","link":"https:\/\/www.semanariolocal.cl\/?p=37255","title":{"rendered":"Ni\u00f1o intoxicado con coca\u00edna en Vi\u00f1a del Mar: toxic\u00f3logo explica riesgos"},"content":{"rendered":"\n<p class=\"wp-block-paragraph\"><strong><mark style=\"background-color:#abb8c3\" class=\"has-inline-color has-white-color\">01 de septiembre del 2026.-<\/mark><\/strong> La hospitalizaci\u00f3n de un ni\u00f1o de cinco a\u00f1os por\u00a0<strong>intoxicaci\u00f3n con coca\u00edna<\/strong>\u00a0en el Hospital Dr. Gustavo Fricke, en la Regi\u00f3n de Valpara\u00edso, puso en evidencia la gravedad de la exposici\u00f3n infantil a drogas. El menor ingres\u00f3 con convulsiones y los ex\u00e1menes confirmaron la presencia de la sustancia en su organismo. Personal policial constat\u00f3 adem\u00e1s envoltorios de la misma droga en el domicilio familiar.<\/p>\n\n\n\n<p class=\"wp-block-paragraph\">Fernando Torres, toxic\u00f3logo y director de la Escuela de Qu\u00edmica y Farmacia de la Universidad Andr\u00e9s Bello (UNAB), advierte que las responsabilidades del caso deber\u00e1n establecerse en la investigaci\u00f3n, pero que el episodio permite dimensionar los efectos que la droga puede tener en el organismo de un menor.<\/p>\n\n\n\n<p class=\"wp-block-paragraph\"><strong>Qu\u00e9 provoca la coca\u00edna en el cuerpo de un ni\u00f1o<\/strong><\/p>\n\n\n\n<p class=\"wp-block-paragraph\">La coca\u00edna es un potente estimulante del sistema nervioso central que tambi\u00e9n afecta al coraz\u00f3n y la circulaci\u00f3n, explica el acad\u00e9mico. Puede provocar agitaci\u00f3n, temblores, pupilas dilatadas, sudoraci\u00f3n, aumento de la temperatura, taquicardia e hipertensi\u00f3n. En cuadros graves puede causar convulsiones, arritmias, dificultad respiratoria, p\u00e9rdida de conciencia y muerte. \u00abNo debe suponerse que una cantidad aparentemente peque\u00f1a sea inocua para un ni\u00f1o\u00bb, advierte Torres.<\/p>\n\n\n\n<p class=\"wp-block-paragraph\"><strong>Qu\u00e9 hacer ante una sospecha de exposici\u00f3n<\/strong><\/p>\n\n\n\n<p class=\"wp-block-paragraph\">Ante una posible exposici\u00f3n, el especialista se\u00f1ala que se requiere evaluaci\u00f3n m\u00e9dica inmediata, incluso si el ni\u00f1o todav\u00eda parece estar bien. Si presenta convulsiones, dificultad para respirar o p\u00e9rdida de conciencia, se debe llamar al SAMU, al 131.<\/p>\n\n\n\n<p class=\"wp-block-paragraph\">Torres advierte que<strong>&nbsp;no se debe provocar el v\u00f3mito ni administrar remedios caseros o medicamentos por iniciativa propia<\/strong>, y que tampoco corresponde ofrecer l\u00edquidos o alimentos a un ni\u00f1o inconsciente. Informar al equipo de salud qu\u00e9 sustancia podr\u00eda estar involucrada y cu\u00e1ndo ocurri\u00f3 la exposici\u00f3n facilita una atenci\u00f3n oportuna.<\/p>\n\n\n\n<p class=\"wp-block-paragraph\"><strong>Manejo hospitalario y prevenci\u00f3n<\/strong><\/p>\n\n\n\n<p class=\"wp-block-paragraph\">El manejo hospitalario se orienta a estabilizar la respiraci\u00f3n y la circulaci\u00f3n sangu\u00ednea, vigilar la temperatura y el ritmo card\u00edaco, y tratar las convulsiones y otras complicaciones, detalla el toxic\u00f3logo. La evoluci\u00f3n depende de la exposici\u00f3n y del da\u00f1o producido; los antecedentes p\u00fablicos disponibles no permiten establecer por qu\u00e9 v\u00eda ingres\u00f3 la coca\u00edna al organismo del ni\u00f1o de Vi\u00f1a del Mar.<\/p>\n\n\n\n<p class=\"wp-block-paragraph\">Torres subraya que la prevenci\u00f3n exige mantener los entornos infantiles libres de drogas y resguardar bajo llave medicamentos y productos t\u00f3xicos, en sus envases originales. Frente a un episodio como este, agrega,&nbsp;<strong>la respuesta debe incluir atenci\u00f3n cl\u00ednica, evaluaci\u00f3n del entorno familiar y medidas que eviten una nueva exposici\u00f3n. \u00abProteger la identidad y los derechos del ni\u00f1o tambi\u00e9n debe ser una prioridad\u00bb, cierra el acad\u00e9mico.<\/strong><\/p>\n","protected":false},"excerpt":{"rendered":"<p>Tras la hospitalizaci\u00f3n de un ni\u00f1o de cinco a\u00f1os en Vi\u00f1a del Mar, el toxic\u00f3logo de la U. Andr\u00e9s Bello, Fernando Torres, explica los riesgos de la coca\u00edna en menores y qu\u00e9 hacer ante una sospecha de intoxicaci\u00f3n<\/p>\n","protected":false},"author":1,"featured_media":37256,"comment_status":"closed","ping_status":"closed","sticky":false,"template":"","format":"standard","meta":{"footnotes":""},"categories":[3,11,4836,4396,4603,2484],"tags":[],"class_list":["post-37255","post","type-post","status-publish","format-standard","has-post-thumbnail","hentry","category-al-dia","category-educacion","category-emergencias","category-especialista","category-medicina-y-salud","category-salud"],"_links":{"self":[{"href":"https:\/\/www.semanariolocal.cl\/index.php?rest_route=\/wp\/v2\/posts\/37255","targetHints":{"allow":["GET"]}}],"collection":[{"href":"https:\/\/www.semanariolocal.cl\/index.php?rest_route=\/wp\/v2\/posts"}],"about":[{"href":"https:\/\/www.semanariolocal.cl\/index.php?rest_route=\/wp\/v2\/types\/post"}],"author":[{"embeddable":true,"href":"https:\/\/www.semanariolocal.cl\/index.php?rest_route=\/wp\/v2\/users\/1"}],"replies":[{"embeddable":true,"href":"https:\/\/www.semanariolocal.cl\/index.php?rest_route=%2Fwp%2Fv2%2Fcomments&post=37255"}],"version-history":[{"count":1,"href":"https:\/\/www.semanariolocal.cl\/index.php?rest_route=\/wp\/v2\/posts\/37255\/revisions"}],"predecessor-version":[{"id":37257,"href":"https:\/\/www.semanariolocal.cl\/index.php?rest_route=\/wp\/v2\/posts\/37255\/revisions\/37257"}],"wp:featuredmedia":[{"embeddable":true,"href":"https:\/\/www.semanariolocal.cl\/index.php?rest_route=\/wp\/v2\/media\/37256"}],"wp:attachment":[{"href":"https:\/\/www.semanariolocal.cl\/index.php?rest_route=%2Fwp%2Fv2%2Fmedia&parent=37255"}],"wp:term":[{"taxonomy":"category","embeddable":true,"href":"https:\/\/www.semanariolocal.cl\/index.php?rest_route=%2Fwp%2Fv2%2Fcategories&post=37255"},{"taxonomy":"post_tag","embeddable":true,"href":"https:\/\/www.semanariolocal.cl\/index.php?rest_route=%2Fwp%2Fv2%2Ftags&post=37255"}],"curies":[{"name":"wp","href":"https:\/\/api.w.org\/{rel}","templated":true}]}}