{"id":37248,"date":"2026-09-01T11:20:00","date_gmt":"2026-09-01T15:20:00","guid":{"rendered":"https:\/\/www.semanariolocal.cl\/?p=37248"},"modified":"2026-09-01T21:06:48","modified_gmt":"2026-09-02T01:06:48","slug":"finaliza-veda-de-la-merluza-austral","status":"publish","type":"post","link":"https:\/\/www.semanariolocal.cl\/?p=37248","title":{"rendered":"Finaliza veda de la merluza austral"},"content":{"rendered":"\n<p class=\"wp-block-paragraph\"><strong><mark style=\"background-color:#abb8c3\" class=\"has-inline-color has-white-color\">01 de Septiembre del 2026.- <\/mark><\/strong>Despu\u00e9s de un mes de veda durante todo agosto, el ente fiscalizador hizo un balance positivo ante la medida que busca proteger el peak reproductivo de este apreciado recurso que se encuentra en estado de sobrexplotaci\u00f3n<\/p>\n\n\n\n<p class=\"wp-block-paragraph\">A nivel nacional, pero con foco en el sur del pa\u00eds, se desarrollaron 135 operativos de fiscalizaci\u00f3n, controlando a un total de 469 personas, 1.394 toneladas de recursos del mar de origen legal y 226 medios de transporte. Como balance de estas acciones, desde Sernapesca informaron que se incaut\u00f3 un total de 1,1 toneladas de merluza austral y 4 veh\u00edculos.<\/p>\n\n\n\n<p class=\"wp-block-paragraph\">Soledad Tapia Almonacid, directora nacional de Sernapesca, destac\u00f3: \u201cEste es un balance positivo que nos demuestra el inter\u00e9s por parte de usuarios y tambi\u00e9n de la ciudadan\u00eda por cuidar la sustentabilidad de un recurso que es de gran importancia para el sector pesquero artesanal del sur y para la gastronom\u00eda nacional. Es relevante destacar la decisi\u00f3n de compra final, donde todos pueden colaborar a tener una pesquer\u00eda sustentable. Si bien la veda finaliz\u00f3, queremos destacar que vamos a continuar con las fiscalizaciones para asegurar que la comercializaci\u00f3n, almacenamiento, transporte y transformaci\u00f3n de este recurso se realice cumpliendo con las exigencias normativas, as\u00ed como otros recursos relevantes para nuestro pa\u00eds\u201d.<\/p>\n\n\n\n<p class=\"wp-block-paragraph\">Los operativos realizados durante agosto permitieron, adem\u00e1s, incautar 3,42 toneladas m\u00e1s de otros recursos de origen ilegal, entre los que se encuentra principalmente erizos, pulpos, almejas y locos.<\/p>\n\n\n\n<p class=\"wp-block-paragraph\">Finalmente, desde Sernapesca destacaron el apoyo de la Red Sustenta en el desarrollo de los controles en el mes de agosto en puntos de desembarques, zonas de pesca, controles carreteros y en toda la cadena de valor.<\/p>\n","protected":false},"excerpt":{"rendered":"<p>El Servicio Nacional de Pesca y Acuicultura (Sernapesca) inform\u00f3 el t\u00e9rmino de la veda de la merluza austral, retom\u00e1ndose su captura para volver a los platos de los y las chilenas.<\/p>\n","protected":false},"author":1,"featured_media":37249,"comment_status":"closed","ping_status":"closed","sticky":false,"template":"","format":"standard","meta":{"footnotes":""},"categories":[12,4277,3123,4338,2493,3802,2483,3528],"tags":[2118,337,273,247,133,733],"class_list":["post-37248","post","type-post","status-publish","format-standard","has-post-thumbnail","hentry","category-economia","category-industria-pesquera","category-litoral","category-organismos-publicos","category-pesca","category-pesca-artesanal","category-region","category-servicios-publicos","tag-semanariolocal","tag-informacion","tag-noticias","tag-region-de-los-lagos","tag-semanario-local","tag-sernapesca"],"_links":{"self":[{"href":"https:\/\/www.semanariolocal.cl\/index.php?rest_route=\/wp\/v2\/posts\/37248","targetHints":{"allow":["GET"]}}],"collection":[{"href":"https:\/\/www.semanariolocal.cl\/index.php?rest_route=\/wp\/v2\/posts"}],"about":[{"href":"https:\/\/www.semanariolocal.cl\/index.php?rest_route=\/wp\/v2\/types\/post"}],"author":[{"embeddable":true,"href":"https:\/\/www.semanariolocal.cl\/index.php?rest_route=\/wp\/v2\/users\/1"}],"replies":[{"embeddable":true,"href":"https:\/\/www.semanariolocal.cl\/index.php?rest_route=%2Fwp%2Fv2%2Fcomments&post=37248"}],"version-history":[{"count":1,"href":"https:\/\/www.semanariolocal.cl\/index.php?rest_route=\/wp\/v2\/posts\/37248\/revisions"}],"predecessor-version":[{"id":37250,"href":"https:\/\/www.semanariolocal.cl\/index.php?rest_route=\/wp\/v2\/posts\/37248\/revisions\/37250"}],"wp:featuredmedia":[{"embeddable":true,"href":"https:\/\/www.semanariolocal.cl\/index.php?rest_route=\/wp\/v2\/media\/37249"}],"wp:attachment":[{"href":"https:\/\/www.semanariolocal.cl\/index.php?rest_route=%2Fwp%2Fv2%2Fmedia&parent=37248"}],"wp:term":[{"taxonomy":"category","embeddable":true,"href":"https:\/\/www.semanariolocal.cl\/index.php?rest_route=%2Fwp%2Fv2%2Fcategories&post=37248"},{"taxonomy":"post_tag","embeddable":true,"href":"https:\/\/www.semanariolocal.cl\/index.php?rest_route=%2Fwp%2Fv2%2Ftags&post=37248"}],"curies":[{"name":"wp","href":"https:\/\/api.w.org\/{rel}","templated":true}]}}