{"id":37245,"date":"2026-09-01T11:30:00","date_gmt":"2026-09-01T15:30:00","guid":{"rendered":"https:\/\/www.semanariolocal.cl\/?p=37245"},"modified":"2026-09-01T21:01:59","modified_gmt":"2026-09-02T01:01:59","slug":"nuevos-vehiculos-a-la-pdi-y-refuerza-compromiso-con-la-seguridad-publica","status":"publish","type":"post","link":"https:\/\/www.semanariolocal.cl\/?p=37245","title":{"rendered":"Nuevos veh\u00edculos a la PDI y refuerza compromiso con la seguridad p\u00fablica"},"content":{"rendered":"\n<p class=\"wp-block-paragraph\"><strong><mark style=\"background-color:#abb8c3\" class=\"has-inline-color has-white-color\">01 de Septiembre del 2026.- <\/mark><\/strong>Con el objetivo de fortalecer el despliegue territorial y las capacidades operativas de la Polic\u00eda de Investigaciones de Chile (PDI), el Gobierno Regional de Los Lagos concret\u00f3 la entrega de seis nuevos veh\u00edculos policiales, iniciativa financiada con recursos regionales y aprobada por el Consejo Regional.<\/p>\n\n\n\n<p class=\"wp-block-paragraph\">El proyecto contempla una inversi\u00f3n de $238.315.217, destinada a la adquisici\u00f3n de cuatro camionetas Maxus T90 autom\u00e1ticas 4&#215;4 y dos minibuses Maxus G10, equipamiento que permitir\u00e1 apoyar las labores investigativas, operativas y log\u00edsticas que desarrolla la instituci\u00f3n en el territorio.<\/p>\n\n\n\n<p class=\"wp-block-paragraph\">La ceremonia fue encabezada por el gobernador regional Alejandro Santana, junto al jefe regional de la PDI en Los Lagos, prefecto inspector Sergio Alvear, consejeros regionales, funcionarios policiales y autoridades regionales.<\/p>\n\n\n\n<p class=\"wp-block-paragraph\">Desde el Gobierno Regional destacaron que esta iniciativa refleja una nueva mirada en materia de seguridad p\u00fablica, donde el rol institucional va m\u00e1s all\u00e1 de financiar proyectos, pasando a formar parte activa de la planificaci\u00f3n y desarrollo de soluciones que respondan a las necesidades del territorio.<\/p>\n\n\n\n<p class=\"wp-block-paragraph\">En esta l\u00ednea, el gobernador regional Alejandro Santana destac\u00f3 la disposici\u00f3n del Gobierno Regional para levantar estas iniciativas e incorporarlas dentro del Plan de Seguridad P\u00fablica Regional, fortaleciendo el trabajo colaborativo con las instituciones encargadas de la seguridad.<\/p>\n\n\n\n<p class=\"wp-block-paragraph\">\u201cEstas son herramientas de equipamiento que colaboran a la seguridad p\u00fablica en nuestra regi\u00f3n. Valoramos el trabajo que est\u00e1 haciendo la PDI en Los Lagos, que tiene una cartera de proyectos interesantes relacionados con tecnolog\u00eda, infraestructura y cobertura territorial en las cuatro provincias, fortaleciendo la seguridad y la calidad del trabajo de cada uno de los polic\u00edas, hombres y mujeres\u201d, se\u00f1al\u00f3 el gobernador.<\/p>\n\n\n\n<p class=\"wp-block-paragraph\">La autoridad regional agreg\u00f3 que esta entrega corresponde a una primera etapa de un plan de fortalecimiento que permitir\u00e1 avanzar hacia la incorporaci\u00f3n de m\u00e1s veh\u00edculos para la instituci\u00f3n policial.<\/p>\n\n\n\n<p class=\"wp-block-paragraph\">\u201cHoy estamos haciendo entrega de cuatro camionetas, dos furgones y seguimos avanzando para llegar a un total de 19 veh\u00edculos que estar\u00e1n al servicio de la regi\u00f3n. Pero aqu\u00ed no termina el compromiso del Plan de Seguridad P\u00fablica del Gobierno Regional; seguiremos colaborando para que aquellos proyectos que tengan recomendaci\u00f3n social y puedan ser financiados, se concreten en beneficio de nuestras comunidades\u201d, indic\u00f3 Santana.<\/p>\n\n\n\n<p class=\"wp-block-paragraph\">Por su parte, el jefe regional de la PDI en Los Lagos, prefecto inspector Sergio Alvear, valor\u00f3 el apoyo del Gobierno Regional y del Consejo Regional, destacando el impacto que tendr\u00e1n estos nuevos veh\u00edculos en el trabajo operativo de los funcionarios.<\/p>\n\n\n\n<p class=\"wp-block-paragraph\">\u201cQueremos dar las gracias al Gobierno Regional y a los consejeros regionales por esta primera etapa de entrega de cuatro camionetas 4&#215;4 y dos furgones de pasajeros, que van a ser destinados al transporte de funcionarios y al trabajo operativo\u201d, se\u00f1al\u00f3.<\/p>\n\n\n\n<p class=\"wp-block-paragraph\">El jefe policial explic\u00f3 que estos veh\u00edculos ser\u00e1n distribuidos considerando las necesidades y caracter\u00edsticas geogr\u00e1ficas de la regi\u00f3n, contemplando apoyo al Complejo Fronterizo Cardenal Samor\u00e9 en Osorno, trabajo en terreno en Ancud y despliegue operativo en la provincia de Llanquihue.<\/p>\n\n\n\n<p class=\"wp-block-paragraph\">\u201cEste es el inicio de entrega de seis veh\u00edculos, de un total de 19. M\u00e1s adelante vienen otros veh\u00edculos que tambi\u00e9n van a reunir especificaciones t\u00e9cnicas para el desplazamiento y seguridad de los funcionarios. Lo m\u00e1s importante es que esta inversi\u00f3n tendr\u00e1 un impacto muy positivo para la comunidad de la Regi\u00f3n de Los Lagos\u201d, afirm\u00f3.<\/p>\n\n\n\n<p class=\"wp-block-paragraph\">Finalmente, destac\u00f3 que esta nueva implementaci\u00f3n permitir\u00e1 fortalecer labores como el trabajo en sitios de suceso, \u00f3rdenes de investigar y distintos procedimientos policiales, contribuyendo a mejorar la respuesta institucional y disminuir la sensaci\u00f3n de inseguridad en la comunidad.<\/p>\n\n\n\n<p class=\"wp-block-paragraph\">En tanto, el presidente de la Comisi\u00f3n Provincial Llanquihue del Consejo Regional de Los Lagos, consejero Luis Hern\u00e1ndez, valor\u00f3 la aprobaci\u00f3n de estos recursos y el compromiso del cuerpo colegiado para avanzar en iniciativas que fortalezcan la seguridad regional.<\/p>\n\n\n\n<p class=\"wp-block-paragraph\">\u201cPara nosotros es muy importante poder hacer un aporte importante para la seguridad ac\u00e1 en la regi\u00f3n. Estos veh\u00edculos aprobaron sus recursos en el Consejo Regional por los 20 consejeros y tambi\u00e9n con el apoyo del gobernador, as\u00ed que estamos muy contentos por ello\u201d, expres\u00f3.<\/p>\n\n\n\n<p class=\"wp-block-paragraph\">El consejero regional agreg\u00f3 que \u201ccomo presidente de la Comisi\u00f3n Provincial Llanquihue siempre vamos a estar apoyando, porque creemos y estamos seguros de que la seguridad siempre es una de las cosas fundamentales que tenemos que mejorar en la regi\u00f3n y en todas las comunas de Los Lagos\u201d.<\/p>\n\n\n\n<p class=\"wp-block-paragraph\">Con esta inversi\u00f3n, el Gobierno Regional de Los Lagos reafirma su compromiso de trabajar junto a las instituciones policiales, impulsando acciones concretas para fortalecer la seguridad y entregar mejores herramientas a quienes protegen a la comunidad.<\/p>\n","protected":false},"excerpt":{"rendered":"<p>La inversi\u00f3n regional supera los $238 millones y permitir\u00e1 mejorar la capacidad operativa, log\u00edstica y de respuesta de la instituci\u00f3n policial en las cuatro provincias de Los Lagos.<\/p>\n","protected":false},"author":1,"featured_media":37247,"comment_status":"closed","ping_status":"closed","sticky":false,"template":"","format":"standard","meta":{"footnotes":""},"categories":[3,3608,4419,2495,4984],"tags":[2118,337,273,2089,5157,247,133],"class_list":["post-37245","post","type-post","status-publish","format-standard","has-post-thumbnail","hentry","category-al-dia","category-estado","category-gobierno-regional","category-gore","category-inversion-publica","tag-semanariolocal","tag-informacion","tag-noticias","tag-pdi","tag-policia-de-invetigaciones","tag-region-de-los-lagos","tag-semanario-local"],"_links":{"self":[{"href":"https:\/\/www.semanariolocal.cl\/index.php?rest_route=\/wp\/v2\/posts\/37245","targetHints":{"allow":["GET"]}}],"collection":[{"href":"https:\/\/www.semanariolocal.cl\/index.php?rest_route=\/wp\/v2\/posts"}],"about":[{"href":"https:\/\/www.semanariolocal.cl\/index.php?rest_route=\/wp\/v2\/types\/post"}],"author":[{"embeddable":true,"href":"https:\/\/www.semanariolocal.cl\/index.php?rest_route=\/wp\/v2\/users\/1"}],"replies":[{"embeddable":true,"href":"https:\/\/www.semanariolocal.cl\/index.php?rest_route=%2Fwp%2Fv2%2Fcomments&post=37245"}],"version-history":[{"count":1,"href":"https:\/\/www.semanariolocal.cl\/index.php?rest_route=\/wp\/v2\/posts\/37245\/revisions"}],"predecessor-version":[{"id":37246,"href":"https:\/\/www.semanariolocal.cl\/index.php?rest_route=\/wp\/v2\/posts\/37245\/revisions\/37246"}],"wp:featuredmedia":[{"embeddable":true,"href":"https:\/\/www.semanariolocal.cl\/index.php?rest_route=\/wp\/v2\/media\/37247"}],"wp:attachment":[{"href":"https:\/\/www.semanariolocal.cl\/index.php?rest_route=%2Fwp%2Fv2%2Fmedia&parent=37245"}],"wp:term":[{"taxonomy":"category","embeddable":true,"href":"https:\/\/www.semanariolocal.cl\/index.php?rest_route=%2Fwp%2Fv2%2Fcategories&post=37245"},{"taxonomy":"post_tag","embeddable":true,"href":"https:\/\/www.semanariolocal.cl\/index.php?rest_route=%2Fwp%2Fv2%2Ftags&post=37245"}],"curies":[{"name":"wp","href":"https:\/\/api.w.org\/{rel}","templated":true}]}}