{"id":37242,"date":"2026-08-30T22:57:01","date_gmt":"2026-08-31T02:57:01","guid":{"rendered":"https:\/\/www.semanariolocal.cl\/?p=37242"},"modified":"2026-08-31T23:07:10","modified_gmt":"2026-09-01T03:07:10","slug":"la-nueva-economia-que-nacio-desde-el-celular","status":"publish","type":"post","link":"https:\/\/www.semanariolocal.cl\/?p=37242","title":{"rendered":"La nueva econom\u00eda que naci\u00f3 desde el celular"},"content":{"rendered":"\n<p class=\"wp-block-paragraph\"><strong><mark style=\"background-color:#abb8c3\" class=\"has-inline-color has-white-color\">31 de Agosto del 2026.- <\/mark><\/strong>Eran lugares donde se pod\u00eda encontrar de todo: muebles usados, repuestos dif\u00edciles de conseguir o simplemente un producto m\u00e1s barato que en el comercio establecido. Con la evoluci\u00f3n de la tecnolog\u00eda, hoy esos \u201cpasillos\u201d pr\u00e1cticamente caben en la palma de una mano. Facebook Marketplace, los grupos de WhatsApp, Instagram y otras plataformas se han transformado en los nuevos \u201cpersas digitales\u201d, un fen\u00f3meno que est\u00e1 cambiando la forma en que compramos, vendemos y hacemos negocios.<\/p>\n\n\n\n<p class=\"wp-block-paragraph\">Lo m\u00e1s llamativo de este fen\u00f3meno es que este cambio no responde \u00fanicamente al avance de la tecnolog\u00eda. En realidad, lo que refleja es una adaptaci\u00f3n natural de la econom\u00eda a un consumidor que busca ahorrar, generar ingresos y aprovechar mejor sus recursos.<\/p>\n\n\n\n<p class=\"wp-block-paragraph\">En tiempos donde el costo de la vida presiona cada vez m\u00e1s los presupuestos familiares, muchas personas han descubierto que vender aquello que ya no utilizan puede convertirse en una fuente adicional de ingresos. Al mismo tiempo, quienes compran encuentran precios considerablemente m\u00e1s bajos que en el comercio tradicional. Es una relaci\u00f3n donde ambos ganan porque desaparecen varios intermediarios y, con ello, buena parte de los costos asociados.<\/p>\n\n\n\n<p class=\"wp-block-paragraph\">Pero quiz\u00e1s el cambio m\u00e1s profundo no est\u00e1 en los precios, sino en la confianza. Antes compr\u00e1bamos porque conoc\u00edamos una marca; hoy muchas veces compramos porque confiamos en el perfil de quien vende, en sus evaluaciones o en las recomendaciones de otros usuarios. La reputaci\u00f3n dej\u00f3 de pertenecer exclusivamente a las empresas y pas\u00f3, en gran medida, a las personas.<\/p>\n\n\n\n<p class=\"wp-block-paragraph\">Este fen\u00f3meno tambi\u00e9n se ha transformado en una gran v\u00eda de empleo y actividad para el emprendimiento. Nunca hab\u00eda sido tan f\u00e1cil comenzar un negocio con una inversi\u00f3n m\u00ednima. Basta un tel\u00e9fono, una conexi\u00f3n a internet y un producto atractivo para acceder a miles de potenciales compradores. Para muchas familias, especialmente despu\u00e9s de la pandemia, estos espacios dejaron de ser una alternativa ocasional y pasaron a convertirse en una verdadera fuente de ingresos.<\/p>\n\n\n\n<p class=\"wp-block-paragraph\">Existe adem\u00e1s un beneficio que pocas veces se destaca. Los persas digitales impulsan, sin propon\u00e9rselo, la econom\u00eda circular. Un refrigerador, una bicicleta, un computador o una chaqueta que antes terminaban olvidados en una bodega hoy encuentran un nuevo due\u00f1o. Eso significa aprovechar mejor los recursos, extender la vida \u00fatil de los productos y reducir el desperdicio, algo cada vez m\u00e1s importante desde el punto de vista econ\u00f3mico y ambiental.<\/p>\n\n\n\n<p class=\"wp-block-paragraph\">Sin embargo, este crecimiento tambi\u00e9n plantea desaf\u00edos importantes. Una parte significativa de estas operaciones ocurre fuera de la econom\u00eda formal, lo que dificulta la fiscalizaci\u00f3n, reduce la recaudaci\u00f3n tributaria y genera una competencia desigual para aquellos comercios que s\u00ed cumplen con todas las exigencias legales. A ello se suma un riesgo que todos conocemos: las estafas, los productos falsificados o la venta de bienes de origen dudoso.<\/p>\n\n\n\n<p class=\"wp-block-paragraph\">M\u00e1s que intentar detener este fen\u00f3meno, probablemente el desaf\u00edo sea entenderlo. Cuando miles de personas optan por estos canales, la econom\u00eda est\u00e1 entregando una se\u00f1al. Muchas veces los costos de formalizar un negocio siguen siendo elevados, los tr\u00e1mites contin\u00faan siendo complejos y las plataformas digitales ofrecen una alternativa r\u00e1pida, simple y de bajo costo. Los incentivos importan, y los mercados siempre terminan adapt\u00e1ndose a ellos.<\/p>\n\n\n\n<p class=\"wp-block-paragraph\">El comercio tradicional no va a desaparecer. Seguir\u00e1 siendo fundamental por las garant\u00edas, el servicio postventa, el financiamiento y la seguridad que ofrece. Pero tambi\u00e9n es evidente que los persas digitales llegaron para quedarse y ocupar un espacio propio dentro de la econom\u00eda.<\/p>\n\n\n\n<p class=\"wp-block-paragraph\">Al final, quiz\u00e1s la mejor manera de entender este fen\u00f3meno es pensar que el antiguo persa nunca desapareci\u00f3. Simplemente cambi\u00f3 de direcci\u00f3n. Ya no est\u00e1 en una feria de fin de semana; hoy vive dentro de una aplicaci\u00f3n, funciona las veinticuatro horas del d\u00eda y conecta a miles de personas con apenas un par de clics. Esa es, probablemente, una de las transformaciones econ\u00f3micas m\u00e1s silenciosas \u2014y m\u00e1s profundas\u2014 de los \u00faltimos a\u00f1os.<\/p>\n\n\n\n<p class=\"wp-block-paragraph\"><strong>Dr. Alejandro Urz\u00faa Vera \u2013 Doctor en Econom\u00eda \u2013 Socio Director OpenBBK Consultores Financieros \u2013 Analista Econ\u00f3mico<\/strong><\/p>\n","protected":false},"excerpt":{"rendered":"<p>Desde tiempos inmemoriales, los persas han sido parte del paisaje cotidiano de diferentes urbes. <\/p>\n","protected":false},"author":1,"featured_media":37243,"comment_status":"closed","ping_status":"closed","sticky":false,"template":"","format":"standard","meta":{"footnotes":""},"categories":[3,12,3847,2406,7],"tags":[2118,5051,337,273,247,133],"class_list":["post-37242","post","type-post","status-publish","format-standard","has-post-thumbnail","hentry","category-al-dia","category-economia","category-emprendedores","category-empresas","category-opinion","tag-semanariolocal","tag-dr-alejandro-urzua-vera","tag-informacion","tag-noticias","tag-region-de-los-lagos","tag-semanario-local"],"_links":{"self":[{"href":"https:\/\/www.semanariolocal.cl\/index.php?rest_route=\/wp\/v2\/posts\/37242","targetHints":{"allow":["GET"]}}],"collection":[{"href":"https:\/\/www.semanariolocal.cl\/index.php?rest_route=\/wp\/v2\/posts"}],"about":[{"href":"https:\/\/www.semanariolocal.cl\/index.php?rest_route=\/wp\/v2\/types\/post"}],"author":[{"embeddable":true,"href":"https:\/\/www.semanariolocal.cl\/index.php?rest_route=\/wp\/v2\/users\/1"}],"replies":[{"embeddable":true,"href":"https:\/\/www.semanariolocal.cl\/index.php?rest_route=%2Fwp%2Fv2%2Fcomments&post=37242"}],"version-history":[{"count":1,"href":"https:\/\/www.semanariolocal.cl\/index.php?rest_route=\/wp\/v2\/posts\/37242\/revisions"}],"predecessor-version":[{"id":37244,"href":"https:\/\/www.semanariolocal.cl\/index.php?rest_route=\/wp\/v2\/posts\/37242\/revisions\/37244"}],"wp:featuredmedia":[{"embeddable":true,"href":"https:\/\/www.semanariolocal.cl\/index.php?rest_route=\/wp\/v2\/media\/37243"}],"wp:attachment":[{"href":"https:\/\/www.semanariolocal.cl\/index.php?rest_route=%2Fwp%2Fv2%2Fmedia&parent=37242"}],"wp:term":[{"taxonomy":"category","embeddable":true,"href":"https:\/\/www.semanariolocal.cl\/index.php?rest_route=%2Fwp%2Fv2%2Fcategories&post=37242"},{"taxonomy":"post_tag","embeddable":true,"href":"https:\/\/www.semanariolocal.cl\/index.php?rest_route=%2Fwp%2Fv2%2Ftags&post=37242"}],"curies":[{"name":"wp","href":"https:\/\/api.w.org\/{rel}","templated":true}]}}