{"id":3724,"date":"2021-12-26T07:55:00","date_gmt":"2021-12-26T10:55:00","guid":{"rendered":"https:\/\/www.semanariolocal.cl\/?p=3724"},"modified":"2021-12-23T22:39:26","modified_gmt":"2021-12-24T01:39:26","slug":"infectologo-por-cuarta-dosis-si-no-hay-cobertura-universal-seguiran-las-variantes","status":"publish","type":"post","link":"https:\/\/www.semanariolocal.cl\/?p=3724","title":{"rendered":"Infect\u00f3logo por cuarta dosis: \u201cSi no hay cobertura universal seguir\u00e1n las variantes\u00bb"},"content":{"rendered":"\n<p style=\"font-size:17px\">El ministro de Salud, Enrique Paris, confirm\u00f3 que la cuarta dosis de la vacuna contra el coronavirus comenzar\u00e1 la segunda quincena de febrero. Sin embargo, el infect\u00f3logo y acad\u00e9mico de la Escuela de Medicina de la Universidad de Santiago, Ignacio Silva, manifiesta reparos frente a la medida.<\/p>\n\n\n\n<p style=\"font-size:17px\">\u201cHasta ahora no hay muchos estudios que respalden la necesidad actual de una cuarta dosis\u201d, se\u00f1ala. Aunque no descarta que en el futuro sea necesaria, considera que se requiere mayor evidencia antes de definir el momento oportuno de implementarla.<\/p>\n\n\n\n<p style=\"font-size:17px\">El doctor Silva agrega que las investigaciones no son concluyentes respecto a cu\u00e1l es la vacuna m\u00e1s adecuada para una cuarta dosis y a qu\u00e9 poblaciones administrarla primero. Adem\u00e1s, enfatiza que \u201cno podemos seguir discutiendo dosis de refuerzo mientras no haya una distribuci\u00f3n equitativa a nivel mundial\u201d.<\/p>\n\n\n\n<p style=\"font-size:17px\">\u201cMientras no haya una cobertura universal de la vacunaci\u00f3n, se van a seguir produciendo variantes en otros pa\u00edses con menos cobertura de vacunas y necesitando, cada vez m\u00e1s, dosis de refuerzo\u201d, sostiene. \u201cTiene m\u00e1s sentido contribuir a la distribuci\u00f3n universal de vacunas para contener la pandemia a nivel mundial y, as\u00ed, dejar de necesitar dosis de refuerzo\u201d, explica.<\/p>\n\n\n\n<p style=\"font-size:17px\">En resumen, Silva considera \u201capresurado\u201d administrar una cuarta dosis en febrero. \u201cEs necesario esperar m\u00e1s evidencia para saber mejor cu\u00e1l es el momento m\u00e1s oportuno para hacerlo, a qu\u00e9 poblaci\u00f3n y con qu\u00e9 plataforma de vacuna\u201d, sintetiz\u00f3.<\/p>\n","protected":false},"excerpt":{"rendered":"<p>El acad\u00e9mico de la Usach, Ignacio Silva, consider\u00f3 apresurado implementarla, dada la falta de estudios. \u201cTiene m\u00e1s sentido contribuir a la distribuci\u00f3n universal de vacunas para contener la pandemia a nivel mundial y, as\u00ed, dejar de necesitar dosis de refuerzo\u201d, afirm\u00f3.<\/p>\n","protected":false},"author":1,"featured_media":3725,"comment_status":"closed","ping_status":"closed","sticky":false,"template":"","format":"standard","meta":{"footnotes":""},"categories":[3],"tags":[],"class_list":["post-3724","post","type-post","status-publish","format-standard","has-post-thumbnail","hentry","category-al-dia"],"_links":{"self":[{"href":"https:\/\/www.semanariolocal.cl\/index.php?rest_route=\/wp\/v2\/posts\/3724","targetHints":{"allow":["GET"]}}],"collection":[{"href":"https:\/\/www.semanariolocal.cl\/index.php?rest_route=\/wp\/v2\/posts"}],"about":[{"href":"https:\/\/www.semanariolocal.cl\/index.php?rest_route=\/wp\/v2\/types\/post"}],"author":[{"embeddable":true,"href":"https:\/\/www.semanariolocal.cl\/index.php?rest_route=\/wp\/v2\/users\/1"}],"replies":[{"embeddable":true,"href":"https:\/\/www.semanariolocal.cl\/index.php?rest_route=%2Fwp%2Fv2%2Fcomments&post=3724"}],"version-history":[{"count":1,"href":"https:\/\/www.semanariolocal.cl\/index.php?rest_route=\/wp\/v2\/posts\/3724\/revisions"}],"predecessor-version":[{"id":3726,"href":"https:\/\/www.semanariolocal.cl\/index.php?rest_route=\/wp\/v2\/posts\/3724\/revisions\/3726"}],"wp:featuredmedia":[{"embeddable":true,"href":"https:\/\/www.semanariolocal.cl\/index.php?rest_route=\/wp\/v2\/media\/3725"}],"wp:attachment":[{"href":"https:\/\/www.semanariolocal.cl\/index.php?rest_route=%2Fwp%2Fv2%2Fmedia&parent=3724"}],"wp:term":[{"taxonomy":"category","embeddable":true,"href":"https:\/\/www.semanariolocal.cl\/index.php?rest_route=%2Fwp%2Fv2%2Fcategories&post=3724"},{"taxonomy":"post_tag","embeddable":true,"href":"https:\/\/www.semanariolocal.cl\/index.php?rest_route=%2Fwp%2Fv2%2Ftags&post=3724"}],"curies":[{"name":"wp","href":"https:\/\/api.w.org\/{rel}","templated":true}]}}