{"id":37233,"date":"2026-08-30T11:10:00","date_gmt":"2026-08-30T15:10:00","guid":{"rendered":"https:\/\/www.semanariolocal.cl\/?p=37233"},"modified":"2026-08-31T22:24:39","modified_gmt":"2026-09-01T02:24:39","slug":"una-derrota-republicana-no-seria-el-fin-de-trump","status":"publish","type":"post","link":"https:\/\/www.semanariolocal.cl\/?p=37233","title":{"rendered":"Una derrota republicana no ser\u00eda el fin de Trump"},"content":{"rendered":"\n<p class=\"wp-block-paragraph\"><strong><mark style=\"background-color:#abb8c3\" class=\"has-inline-color has-white-color\">30 de Agosto del 2026.- <\/mark><\/strong> Lo que s\u00ed podr\u00eda terminar es la relativa comodidad legislativa con la que ha gobernado.<\/p>\n\n\n\n<p class=\"wp-block-paragraph\">Trump llega a las elecciones en una posici\u00f3n complicada. La \u00faltima encuesta Reuters\/Ipsos sit\u00faa su aprobaci\u00f3n en 33 por ciento, la m\u00e1s baja de su presidencia. Pero una encuesta de aprobaci\u00f3n no nos dice cu\u00e1ntos de esos votantes acudir\u00e1n a las urnas. Para m\u00ed, la gran variable ser\u00e1 el enfado. Fue un extraordinario movilizador en 2016 y volvi\u00f3 a ser importante en 2024. Ahora los dem\u00f3cratas esperan que opere en sentido contrario y transforme el rechazo a Trump en participaci\u00f3n electoral.<\/p>\n\n\n\n<p class=\"wp-block-paragraph\">Tampoco dar\u00eda por hecha una ola dem\u00f3crata. Algunas primarias est\u00e1n produciendo candidatos muy progresistas que pueden entusiasmar a la base y, al mismo tiempo, generar anticuerpos entre independientes y dem\u00f3cratas moderados. Hoy parece m\u00e1s factible que los dem\u00f3cratas recuperen la C\u00e1mara de Representantes que el Senado.<\/p>\n\n\n\n<p class=\"wp-block-paragraph\">Incluso si controlaran ambas c\u00e1maras, no creo que Trump se moderara. Mi impresi\u00f3n es la contraria. Ante un bloqueo legislativo, recurrir\u00eda todav\u00eda m\u00e1s al poder ejecutivo, especialmente en inmigraci\u00f3n, pol\u00edtica exterior y comercio. Podr\u00edamos ver a un Trump legislativamente m\u00e1s d\u00e9bil pero pol\u00edticamente m\u00e1s agresivo.<\/p>\n\n\n\n<p class=\"wp-block-paragraph\">Esto tambi\u00e9n afectar\u00eda a Am\u00e9rica Latina, aunque aqu\u00ed har\u00eda una distinci\u00f3n. M\u00e1s que una \u201cDoctrina Trump\u201d, yo hablar\u00eda de una Doctrina Rubio. Trump ha mirado a la regi\u00f3n a trav\u00e9s de inmigraci\u00f3n, narcotr\u00e1fico, comercio y seguridad. Marco Rubio posee una visi\u00f3n hemisf\u00e9rica m\u00e1s articulada, en la que China, las infraestructuras, las cadenas de suministro y la seguridad nacional forman parte de una misma competencia estrat\u00e9gica. Su primer viaje como secretario de Estado a Centroam\u00e9rica y el Caribe fue una se\u00f1al clara. Un Congreso dem\u00f3crata podr\u00eda limitar presupuestos o instrumentos coercitivos, pero dif\u00edcilmente eliminar\u00eda esa l\u00f3gica mientras Rubio contin\u00fae al frente del Departamento de Estado.<\/p>\n\n\n\n<p class=\"wp-block-paragraph\">Algo parecido ocurrir\u00eda con los aranceles. Para Trump cumplen una doble funci\u00f3n. Generan ingresos en un momento en que la deuda federal acaba de superar los 40 billones de d\u00f3lares y, al mismo tiempo, funcionan como instrumento de presi\u00f3n pol\u00edtica. En 2019 amenaz\u00f3 a M\u00e9xico con imponer un arancel del 5 por ciento si no reforzaba el control migratorio. La amenaza fue retirada tras nuevas medidas fronterizas.<\/p>\n\n\n\n<p class=\"wp-block-paragraph\">La Corte Suprema limit\u00f3 en febrero de 2026 el uso de poderes econ\u00f3micos de emergencia para imponer grandes aranceles globales, pero no elimin\u00f3 la pol\u00edtica arancelaria. La administraci\u00f3n busc\u00f3 otras bases legales. Una derrota republicana podr\u00eda reducir el margen de maniobra de Trump, pero no cambiar\u00eda necesariamente su forma de gobernar. Congreso y tribunales pueden poner l\u00edmites. Mientras conserve la presidencia, seguir\u00e1 teniendo incentivos para utilizar el poder ejecutivo, la presi\u00f3n comercial y la pol\u00edtica exterior de manera unilateral.<\/p>\n\n\n\n<p class=\"wp-block-paragraph\"><strong>Dr. Carlos J.Als\u00faa \u2013 Doctorado en Administraci\u00f3n de Empresas (Gesti\u00f3n), Escuela de Negocios WP Carey, Universidad Estatal de Arizona.<\/strong><\/p>\n","protected":false},"excerpt":{"rendered":"<p>Si el Partido Republicano pierde las elecciones legislativas de noviembre, hablar del \u201cfin del gobierno de Trump\u201d ser\u00eda exagerado.<\/p>\n","protected":false},"author":1,"featured_media":37234,"comment_status":"closed","ping_status":"closed","sticky":false,"template":"","format":"standard","meta":{"footnotes":""},"categories":[3,11,4396,2890,7,6,4825],"tags":[2118,5049,337,273,247,133],"class_list":["post-37233","post","type-post","status-publish","format-standard","has-post-thumbnail","hentry","category-al-dia","category-educacion","category-especialista","category-internacional","category-opinion","category-politica","category-politica-internacional","tag-semanariolocal","tag-dr-carlos-j-alsua","tag-informacion","tag-noticias","tag-region-de-los-lagos","tag-semanario-local"],"_links":{"self":[{"href":"https:\/\/www.semanariolocal.cl\/index.php?rest_route=\/wp\/v2\/posts\/37233","targetHints":{"allow":["GET"]}}],"collection":[{"href":"https:\/\/www.semanariolocal.cl\/index.php?rest_route=\/wp\/v2\/posts"}],"about":[{"href":"https:\/\/www.semanariolocal.cl\/index.php?rest_route=\/wp\/v2\/types\/post"}],"author":[{"embeddable":true,"href":"https:\/\/www.semanariolocal.cl\/index.php?rest_route=\/wp\/v2\/users\/1"}],"replies":[{"embeddable":true,"href":"https:\/\/www.semanariolocal.cl\/index.php?rest_route=%2Fwp%2Fv2%2Fcomments&post=37233"}],"version-history":[{"count":1,"href":"https:\/\/www.semanariolocal.cl\/index.php?rest_route=\/wp\/v2\/posts\/37233\/revisions"}],"predecessor-version":[{"id":37235,"href":"https:\/\/www.semanariolocal.cl\/index.php?rest_route=\/wp\/v2\/posts\/37233\/revisions\/37235"}],"wp:featuredmedia":[{"embeddable":true,"href":"https:\/\/www.semanariolocal.cl\/index.php?rest_route=\/wp\/v2\/media\/37234"}],"wp:attachment":[{"href":"https:\/\/www.semanariolocal.cl\/index.php?rest_route=%2Fwp%2Fv2%2Fmedia&parent=37233"}],"wp:term":[{"taxonomy":"category","embeddable":true,"href":"https:\/\/www.semanariolocal.cl\/index.php?rest_route=%2Fwp%2Fv2%2Fcategories&post=37233"},{"taxonomy":"post_tag","embeddable":true,"href":"https:\/\/www.semanariolocal.cl\/index.php?rest_route=%2Fwp%2Fv2%2Ftags&post=37233"}],"curies":[{"name":"wp","href":"https:\/\/api.w.org\/{rel}","templated":true}]}}