{"id":37224,"date":"2026-08-31T10:55:00","date_gmt":"2026-08-31T14:55:00","guid":{"rendered":"https:\/\/www.semanariolocal.cl\/?p=37224"},"modified":"2026-08-31T21:22:11","modified_gmt":"2026-09-01T01:22:11","slug":"servel-entrego-cifras-y-perfilo-a-los-nuevos-votantes-del-ultimo-ciclo-electoral","status":"publish","type":"post","link":"https:\/\/www.semanariolocal.cl\/?p=37224","title":{"rendered":"Servel entreg\u00f3 cifras y perfil\u00f3 a los nuevos votantes del \u00faltimo ciclo electoral\u00a0"},"content":{"rendered":"\n<p class=\"wp-block-paragraph\"><strong><mark style=\"background-color:#abb8c3\" class=\"has-inline-color has-white-color\">31 de Agosto del 2026.- <\/mark><\/strong>El seminario \u201cEl Nuevo Mapa Electoral: Participaci\u00f3n y Perfiles de Votantes en Chile\u201d organizado por el Servicio Electoral y el Departamento de Estudios Pol\u00edticos de la Facultad de Gobierno de la Universidad de Chile, present\u00f3 las principales estad\u00edsticas del per\u00edodo 2020-2025, considerado el ciclo electoral m\u00e1s exigente de la historia del pa\u00eds, con 16 procesos electorales.<\/p>\n\n\n\n<p class=\"wp-block-paragraph\">La actividad fue encabezada por Pamela Figueroa, Presidenta del Consejo Directivo de Servel, y Felipe Ag\u00fcero, Director del Departamento de Estudios Pol\u00edticos de la Universidad de Chile, y cont\u00f3 con la participaci\u00f3n de los Consejeros Directivos del Servicio, Mar\u00eda Cristina Escudero, David Huina y Jorge Manzano; el Director Nacional, Ra\u00fal Garc\u00eda; Subdirectores de Servel; el ex Presidente de Servel, Andr\u00e9s Tagle, adem\u00e1s de autoridades institucionales, representantes del mundo acad\u00e9mico, investigadores, expertos y estudiantes.<\/p>\n\n\n\n<p class=\"wp-block-paragraph\">En sus palabras de apertura, la Presidenta del Consejo Directivo de Servel, Pamela Figueroa, destac\u00f3 el valor que tiene para la instituci\u00f3n analizar la participaci\u00f3n electoral desde la evidencia y el conocimiento generado a partir de los procesos electorales.<\/p>\n\n\n\n<p class=\"wp-block-paragraph\">\u201cPara el Servicio Electoral, este seminario tiene un significado particular. Porque hablar de participaci\u00f3n electoral es, necesariamente, hablar de democracia; pero tambi\u00e9n es hablar de datos, de evidencia y de capacidad institucional. Los datos nos permiten mirar hacia atr\u00e1s y evaluar lo que ocurri\u00f3. Y el di\u00e1logo entre instituciones, ciudadan\u00eda y academia, como el de esta jornada, nos permite pensar qu\u00e9 debemos hacer mejor en el pr\u00f3ximo ciclo\u201d, se\u00f1al\u00f3.<\/p>\n\n\n\n<p class=\"wp-block-paragraph\">Felipe Ag\u00fcero, Director del Departamento de Estudios Pol\u00edticos de la Universidad de Chile enfoc\u00f3 sus palabras en el trabajo acad\u00e9mico: \u201cLa base de nuestro trabajo el de la academia, de los cientistas pol\u00edticos y de otras disciplinas que utilizan este material para sus investigaciones est\u00e1 aqu\u00ed. Puede ser el cimiento para todas nuestras preguntas, nuestras investigaciones, y nuestros desaf\u00edos\u201d.<\/p>\n\n\n\n<p class=\"wp-block-paragraph\">La jornada , en que las cifras estuvieron a cargo de la Consejera Mar\u00eda Cristina Escudero, contempl\u00f3 tambi\u00e9n un espacio de di\u00e1logo y an\u00e1lisis acad\u00e9mico, en el que participaron Mar\u00eda Jos\u00e9 Naudon, Decana de la Escuela de Gobierno de la Universidad Adolfo Ib\u00e1\u00f1ez; Rodrigo Medel, Profesor Asociado del Departamento de Estudios Pol\u00edticos de la Facultad de Gobierno de la Universidad de Chile; Vicente Inostroza, Docente de la misma facultad; Andr\u00e9s Dockendorff, Profesor Asociado del Instituto de Estudios Internacionales de la Universidad de Chile; y Julieta Su\u00e1rez-Cao, Directora del Instituto de Ciencia Pol\u00edtica de la Pontificia Universidad Cat\u00f3lica de Chile. La conversaci\u00f3n fue moderada por la periodista y Mag\u00edster en Pol\u00edticas P\u00fablicas, Paula Molina.<\/p>\n\n\n\n<p class=\"wp-block-paragraph\">En sus palabras de cierre, el Decano de la Facultad de Gobierno de la Universidad de Chile, Leonardo Letelier agradeci\u00f3 a los presentes y participantes del seminario relevando que \u201cen lo que nos podemos poner de acuerdo no es en las pol\u00edticas p\u00fablicas que hacemos, si no ponernos de acuerdo en las reglas del juego con las cuales elegir a nuestros representantes y tomar decisiones colectivamente\u201d.<\/p>\n\n\n\n<p class=\"wp-block-paragraph\">Mientras que el Director Nacional de Servel destac\u00f3 la relevancia de estudiar la participaci\u00f3n electoral como una v\u00eda para conocer no solo el comportamiento de quienes concurren a las urnas, sino tambi\u00e9n dimensiones fundamentales de la ciudadan\u00eda.<\/p>\n\n\n\n<p class=\"wp-block-paragraph\">\u201cEl acto individual de sufragar habla de nuestros ciudadanos: de sus anhelos, de sus expectativas, de sus preocupaciones y, tambi\u00e9n, del tipo de pa\u00eds en el que quieren vivir y contribuir a construir. La misi\u00f3n del Servicio Electoral no termina con organizar elecciones y garantizar que estas se desarrollen de manera libre, informada y confiable. Los procesos electorales generan, adem\u00e1s, un patrimonio de informaci\u00f3n que puede contribuir al conocimiento de nuestra democracia y de nuestra sociedad\u201d.<\/p>\n","protected":false},"excerpt":{"rendered":"<p>\u00abHablar de participaci\u00f3n electoral es, necesariamente, hablar de democracia; pero tambi\u00e9n es hablar de datos, de evidencia y de capacidad institucional\u00bb, se\u00f1alaron los organizadores de la actividad.<\/p>\n","protected":false},"author":1,"featured_media":37225,"comment_status":"closed","ping_status":"closed","sticky":false,"template":"","format":"standard","meta":{"footnotes":""},"categories":[4436,3608,4338,3816,6,4837],"tags":[2118,337,273,247,133],"class_list":["post-37224","post","type-post","status-publish","format-standard","has-post-thumbnail","hentry","category-elecciones-y-candidatos","category-estado","category-organismos-publicos","category-partidos-politicos","category-politica","category-tema-pais","tag-semanariolocal","tag-informacion","tag-noticias","tag-region-de-los-lagos","tag-semanario-local"],"_links":{"self":[{"href":"https:\/\/www.semanariolocal.cl\/index.php?rest_route=\/wp\/v2\/posts\/37224","targetHints":{"allow":["GET"]}}],"collection":[{"href":"https:\/\/www.semanariolocal.cl\/index.php?rest_route=\/wp\/v2\/posts"}],"about":[{"href":"https:\/\/www.semanariolocal.cl\/index.php?rest_route=\/wp\/v2\/types\/post"}],"author":[{"embeddable":true,"href":"https:\/\/www.semanariolocal.cl\/index.php?rest_route=\/wp\/v2\/users\/1"}],"replies":[{"embeddable":true,"href":"https:\/\/www.semanariolocal.cl\/index.php?rest_route=%2Fwp%2Fv2%2Fcomments&post=37224"}],"version-history":[{"count":1,"href":"https:\/\/www.semanariolocal.cl\/index.php?rest_route=\/wp\/v2\/posts\/37224\/revisions"}],"predecessor-version":[{"id":37226,"href":"https:\/\/www.semanariolocal.cl\/index.php?rest_route=\/wp\/v2\/posts\/37224\/revisions\/37226"}],"wp:featuredmedia":[{"embeddable":true,"href":"https:\/\/www.semanariolocal.cl\/index.php?rest_route=\/wp\/v2\/media\/37225"}],"wp:attachment":[{"href":"https:\/\/www.semanariolocal.cl\/index.php?rest_route=%2Fwp%2Fv2%2Fmedia&parent=37224"}],"wp:term":[{"taxonomy":"category","embeddable":true,"href":"https:\/\/www.semanariolocal.cl\/index.php?rest_route=%2Fwp%2Fv2%2Fcategories&post=37224"},{"taxonomy":"post_tag","embeddable":true,"href":"https:\/\/www.semanariolocal.cl\/index.php?rest_route=%2Fwp%2Fv2%2Ftags&post=37224"}],"curies":[{"name":"wp","href":"https:\/\/api.w.org\/{rel}","templated":true}]}}