{"id":37222,"date":"2026-08-31T11:00:00","date_gmt":"2026-08-31T15:00:00","guid":{"rendered":"https:\/\/www.semanariolocal.cl\/?p=37222"},"modified":"2026-08-31T20:21:02","modified_gmt":"2026-09-01T00:21:02","slug":"senador-fidel-espinoza-urge-funcionamiento-de-camara-hiperbarica-de-quellon","status":"publish","type":"post","link":"https:\/\/www.semanariolocal.cl\/?p=37222","title":{"rendered":"Senador Fidel Espinoza urge funcionamiento de c\u00e1mara hiperb\u00e1rica de Quell\u00f3n"},"content":{"rendered":"\n<p class=\"wp-block-paragraph\"><strong><mark style=\"background-color:#abb8c3\" class=\"has-inline-color has-white-color\">31 de agosto, 2026.-<\/mark><\/strong> El senador Fidel Espinoza, manifest\u00f3 su \u201cabsoluta indignaci\u00f3n\u201d ante la inoperatividad de la c\u00e1mara hiperb\u00e1rica de Quell\u00f3n, expuesta tras el fallecimiento de un trabajador en medio de un traslado de urgencia hacia Ancud.<\/p>\n\n\n\n<p class=\"wp-block-paragraph\">\u201cFrente al tr\u00e1gico fallecimiento de un buzo en la provincia de Chilo\u00e9 por un cuadro de descompensaci\u00f3n por descompresi\u00f3n, manifestar mi m\u00e1s absoluta indignaci\u00f3n ante la inoperatividad de la c\u00e1mara hiperb\u00e1rica del Hospital de Quell\u00f3n, la cual permanece sin funcionar desde hace ya cuatro a\u00f1os\u201d, expres\u00f3 el parlamentario.<\/p>\n\n\n\n<p class=\"wp-block-paragraph\">El senador asegur\u00f3 que \u201ces inaceptable que la falta de gesti\u00f3n t\u00e9cnica termine cobrando vidas humanas. Tanto los buzos independientes y artesanales como aquellos que se desempe\u00f1an en la industria salmonera arriesgan diariamente su integridad en faenas de alto riesgo, y merecen garant\u00edas de seguridad en sus territorios\u201d.<\/p>\n\n\n\n<p class=\"wp-block-paragraph\">\u201cHago un llamado a la Autoridad Sanitaria y al Servicio de Salud de Chilo\u00e9 a disponer de los recursos, correcciones t\u00e9cnicas y personal profesional calificado para poner en pleno funcionamiento la c\u00e1mara hiperb\u00e1rica de Quell\u00f3n, y que tambi\u00e9n se solucionen los problemas de la c\u00e1mara hiperb\u00e1rica en Ancud, garantizando est\u00e1ndares operativos b\u00e1sicos\u201d, se\u00f1al\u00f3 el parlamentario.<\/p>\n\n\n\n<p class=\"wp-block-paragraph\">El senador, miembro de la comisi\u00f3n de Intereses Mar\u00edtimos, Pesca y Acuicultura del Senado, finaliz\u00f3 sentenciando que \u201cla seguridad y la vida de los trabajadores del mar en Chilo\u00e9, en toda nuestra regi\u00f3n, y en el sur de Chile, deben ser una prioridad urgente e impostergable.\u201d<\/p>\n\n\n\n<p class=\"wp-block-paragraph\">Por otra parte, Alejandro Santib\u00e1\u00f1ez, presidente de la Multisindical de Trabajadores Salmoneros, sostuvo que \u201cla medicina hiperb\u00e1rica es fundamental en la industria salmonera. Es indispensable que las c\u00e1maras est\u00e9n operativas en la regi\u00f3n de Los Lagos. No tenerlas compromete un riesgo mayor de los trabajadores. Creemos que es fundamental fomentar profesionales para poder resguardar la vida de los trabajadores\u201d.<\/p>\n\n\n\n<p class=\"wp-block-paragraph\">Y Felipe Quintul, consultor de seguridad y salud en el trabajo de Anzen Safety, explic\u00f3 que \u201cel funcionamiento de una c\u00e1mara hiperb\u00e1rica es fundamental para resguardar la vida y seguridad de los trabajadores que operan en el mar. Cuando vemos una c\u00e1mara hiperb\u00e1rica que no est\u00e1 operativa, ponemos en riesgo la vida de quienes operan en la industria salmonera y acu\u00edcola. La invitaci\u00f3n es a tener las c\u00e1maras operativas, son un eslab\u00f3n fundamental dentro de la seguridad de las personas en la industria\u201d.<\/p>\n","protected":false},"excerpt":{"rendered":"<p>El parlamentario calific\u00f3 como \u00abinaceptable\u00bb que este equipo m\u00e9dico lleve cuatro a\u00f1os sin operar, exigiendo soluciones inmediatas para evitar m\u00e1s fallecimientos por accidentes laborales.<\/p>\n","protected":false},"author":1,"featured_media":26335,"comment_status":"closed","ping_status":"closed","sticky":false,"template":"","format":"standard","meta":{"footnotes":""},"categories":[3,3608,4277,3123,4603,2493,3802,2483,2484],"tags":[2118,337,273,132,247,133,702],"class_list":["post-37222","post","type-post","status-publish","format-standard","has-post-thumbnail","hentry","category-al-dia","category-estado","category-industria-pesquera","category-litoral","category-medicina-y-salud","category-pesca","category-pesca-artesanal","category-region","category-salud","tag-semanariolocal","tag-informacion","tag-noticias","tag-osorno","tag-region-de-los-lagos","tag-semanario-local","tag-senador-fidel-espinoza"],"_links":{"self":[{"href":"https:\/\/www.semanariolocal.cl\/index.php?rest_route=\/wp\/v2\/posts\/37222","targetHints":{"allow":["GET"]}}],"collection":[{"href":"https:\/\/www.semanariolocal.cl\/index.php?rest_route=\/wp\/v2\/posts"}],"about":[{"href":"https:\/\/www.semanariolocal.cl\/index.php?rest_route=\/wp\/v2\/types\/post"}],"author":[{"embeddable":true,"href":"https:\/\/www.semanariolocal.cl\/index.php?rest_route=\/wp\/v2\/users\/1"}],"replies":[{"embeddable":true,"href":"https:\/\/www.semanariolocal.cl\/index.php?rest_route=%2Fwp%2Fv2%2Fcomments&post=37222"}],"version-history":[{"count":1,"href":"https:\/\/www.semanariolocal.cl\/index.php?rest_route=\/wp\/v2\/posts\/37222\/revisions"}],"predecessor-version":[{"id":37223,"href":"https:\/\/www.semanariolocal.cl\/index.php?rest_route=\/wp\/v2\/posts\/37222\/revisions\/37223"}],"wp:featuredmedia":[{"embeddable":true,"href":"https:\/\/www.semanariolocal.cl\/index.php?rest_route=\/wp\/v2\/media\/26335"}],"wp:attachment":[{"href":"https:\/\/www.semanariolocal.cl\/index.php?rest_route=%2Fwp%2Fv2%2Fmedia&parent=37222"}],"wp:term":[{"taxonomy":"category","embeddable":true,"href":"https:\/\/www.semanariolocal.cl\/index.php?rest_route=%2Fwp%2Fv2%2Fcategories&post=37222"},{"taxonomy":"post_tag","embeddable":true,"href":"https:\/\/www.semanariolocal.cl\/index.php?rest_route=%2Fwp%2Fv2%2Ftags&post=37222"}],"curies":[{"name":"wp","href":"https:\/\/api.w.org\/{rel}","templated":true}]}}