{"id":37219,"date":"2026-08-31T11:15:00","date_gmt":"2026-08-31T15:15:00","guid":{"rendered":"https:\/\/www.semanariolocal.cl\/?p=37219"},"modified":"2026-08-31T20:15:54","modified_gmt":"2026-09-01T00:15:54","slug":"gobernador-santana-compromete-apoyo-para-avanzar-en-la-tenencia-de-carabineros-pajaritos","status":"publish","type":"post","link":"https:\/\/www.semanariolocal.cl\/?p=37219","title":{"rendered":"Gobernador Santana compromete apoyo para avanzar en la Tenencia de Carabineros Pajaritos"},"content":{"rendered":"\n<p class=\"wp-block-paragraph\"><strong><mark style=\"background-color:#abb8c3\" class=\"has-inline-color has-white-color\">31 de Agosto del 2026.- <\/mark><\/strong>El gobernador regional Alejandro Santana reafirm\u00f3 el compromiso del Gobierno Regional de Los Lagos para colaborar en la b\u00fasqueda de una soluci\u00f3n que permita avanzar con el proyecto de construcci\u00f3n de la Tenencia de Carabineros Pajaritos, iniciativa considerada una etapa clave dentro del proceso de modernizaci\u00f3n del Complejo Fronterizo Cardenal Samor\u00e9.<\/p>\n\n\n\n<p class=\"wp-block-paragraph\">La autoridad regional explic\u00f3 que el proyecto del complejo fronterizo contin\u00faa vigente, pero que uno de los principales desaf\u00edos actuales es generar las condiciones de financiamiento necesarias para concretar sus distintas etapas. En este contexto, destac\u00f3 la disposici\u00f3n del ministro del Interior, Claudio Alvarado, para trabajar coordinadamente y avanzar en una alternativa que permita dar viabilidad al proyecto.<\/p>\n\n\n\n<p class=\"wp-block-paragraph\">\u201cEl proyecto de construcci\u00f3n de la Tenencia de Carabineros Pajaritos est\u00e1 vigente, obviamente se est\u00e1 buscando un mecanismo de financiamiento. Nosotros como Gobierno Regional vamos a colaborar, se lo hice ver al ministro del Interior Claudio Alvarado, \u00e9l tiene la m\u00e1xima voluntad de que este proyecto salga, y lo est\u00e1 socializando con el ministerio que tiene competencia constitucional, sobre todo en inversi\u00f3n de las polic\u00edas, como en el caso de Carabineros, que es el Ministerio de Seguridad P\u00fablica\u201d, se\u00f1al\u00f3 el gobernador Alejandro Santana.<\/p>\n\n\n\n<p class=\"wp-block-paragraph\">En esa l\u00ednea, el gobernador comprometi\u00f3 avanzar espec\u00edficamente en la Tenencia de Carabineros Pajaritos, entendiendo que esta infraestructura constituye un elemento fundamental para destrabar y dar continuidad a la etapa asociada al complejo aduanero del Paso Internacional Cardenal Samor\u00e9.<\/p>\n\n\n\n<p class=\"wp-block-paragraph\">Esta obra fue comprometida inicialmente sin contar con financiamiento disponible, por lo que actualmente se trabaja en la b\u00fasqueda de mecanismos que permitan materializar la inversi\u00f3n, articulando esfuerzos entre el Gobierno Regional y el Gobierno Central.<\/p>\n\n\n\n<p class=\"wp-block-paragraph\">\u201cSabemos la importancia estrat\u00e9gica que tiene Cardenal Samor\u00e9 para nuestra regi\u00f3n y para el pa\u00eds. Por eso hemos manifestado nuestra voluntad de colaborar y avanzar en una soluci\u00f3n que permita concretar la Tenencia de Carabineros Pajaritos y, con ello, dar mayor viabilidad al proceso de modernizaci\u00f3n integral del complejo fronterizo\u201d, agreg\u00f3 la autoridad regional.<\/p>\n\n\n\n<p class=\"wp-block-paragraph\">El Complejo Fronterizo Cardenal Samor\u00e9 es uno de los principales puntos de conexi\u00f3n terrestre entre Chile y Argentina, cumpliendo un rol relevante para la seguridad, el turismo, el comercio y la conectividad del sur del pa\u00eds. Por ello, desde el Gobierno Regional recalcaron que existe confianza en que, mediante un trabajo conjunto con el Ejecutivo, ser\u00e1 posible avanzar hacia la concreci\u00f3n de este proyecto.<\/p>\n","protected":false},"excerpt":{"rendered":"<p>Esta obra fue comprometida inicialmente sin contar con financiamiento disponible, por lo que actualmente se trabaja en la b\u00fasqueda de mecanismos que permitan materializar la inversi\u00f3n, articulando esfuerzos entre el Gobierno Regional y el Gobierno Central.<\/p>\n","protected":false},"author":1,"featured_media":37220,"comment_status":"closed","ping_status":"closed","sticky":false,"template":"","format":"standard","meta":{"footnotes":""},"categories":[3,5132,12,9,4419,2495,4984,3842,3607],"tags":[2118,337,273,247,133],"class_list":["post-37219","post","type-post","status-publish","format-standard","has-post-thumbnail","hentry","category-al-dia","category-desarrollo-regional","category-economia","category-gobierno","category-gobierno-regional","category-gore","category-inversion-publica","category-politicas-publicas","category-seguridad","tag-semanariolocal","tag-informacion","tag-noticias","tag-region-de-los-lagos","tag-semanario-local"],"_links":{"self":[{"href":"https:\/\/www.semanariolocal.cl\/index.php?rest_route=\/wp\/v2\/posts\/37219","targetHints":{"allow":["GET"]}}],"collection":[{"href":"https:\/\/www.semanariolocal.cl\/index.php?rest_route=\/wp\/v2\/posts"}],"about":[{"href":"https:\/\/www.semanariolocal.cl\/index.php?rest_route=\/wp\/v2\/types\/post"}],"author":[{"embeddable":true,"href":"https:\/\/www.semanariolocal.cl\/index.php?rest_route=\/wp\/v2\/users\/1"}],"replies":[{"embeddable":true,"href":"https:\/\/www.semanariolocal.cl\/index.php?rest_route=%2Fwp%2Fv2%2Fcomments&post=37219"}],"version-history":[{"count":1,"href":"https:\/\/www.semanariolocal.cl\/index.php?rest_route=\/wp\/v2\/posts\/37219\/revisions"}],"predecessor-version":[{"id":37221,"href":"https:\/\/www.semanariolocal.cl\/index.php?rest_route=\/wp\/v2\/posts\/37219\/revisions\/37221"}],"wp:featuredmedia":[{"embeddable":true,"href":"https:\/\/www.semanariolocal.cl\/index.php?rest_route=\/wp\/v2\/media\/37220"}],"wp:attachment":[{"href":"https:\/\/www.semanariolocal.cl\/index.php?rest_route=%2Fwp%2Fv2%2Fmedia&parent=37219"}],"wp:term":[{"taxonomy":"category","embeddable":true,"href":"https:\/\/www.semanariolocal.cl\/index.php?rest_route=%2Fwp%2Fv2%2Fcategories&post=37219"},{"taxonomy":"post_tag","embeddable":true,"href":"https:\/\/www.semanariolocal.cl\/index.php?rest_route=%2Fwp%2Fv2%2Ftags&post=37219"}],"curies":[{"name":"wp","href":"https:\/\/api.w.org\/{rel}","templated":true}]}}