{"id":37212,"date":"2026-08-29T11:30:00","date_gmt":"2026-08-29T15:30:00","guid":{"rendered":"https:\/\/www.semanariolocal.cl\/?p=37212"},"modified":"2026-08-31T11:32:06","modified_gmt":"2026-08-31T15:32:06","slug":"sobrecapacidad-del-diesel-encarece-el-sistema-electrico-y-abre-debate-sobre-su-retiro-de-la-matriz","status":"publish","type":"post","link":"https:\/\/www.semanariolocal.cl\/?p=37212","title":{"rendered":"Sobrecapacidad del di\u00e9sel encarece el sistema el\u00e9ctrico"},"content":{"rendered":"\n<p class=\"wp-block-paragraph\"><strong><mark style=\"background-color:#abb8c3\" class=\"has-inline-color has-white-color\">29 de agosto de 2026.- <\/mark><\/strong>La reciente aprobaci\u00f3n de la Ley de Protecci\u00f3n Tarifaria El\u00e9ctrica (Bolet\u00edn N\u00b018.384-08) abri\u00f3 una oportunidad para aliviar temporalmente las cuentas de la electricidad, pero tambi\u00e9n para discutir y revisar las distorsiones estructurales que encarecen el sistema el\u00e9ctrico chileno. Espec\u00edficamente, la Ley habilita por primera vez la renegociaci\u00f3n de contratos el\u00e9ctricos entre generadoras y distribuidoras, medida que permite sincerar el costo real de la energ\u00eda. Sin embargo, el sistema contiene otras distorsiones que contribuyen a mantener alto el costo de la electricidad. Una de ellas es la actual sobrecapacidad de generaci\u00f3n di\u00e9sel, que recibe pagos por su disponibilidad como infraestructura de respaldo, pese a su baja utilizaci\u00f3n efectiva.<\/p>\n\n\n\n<p class=\"wp-block-paragraph\">As\u00ed lo advierte el estudio <a href=\"https:\/\/chilesustentable.net\/publicacion\/evaluacion-de-la-capacidad-de-generacion-termica-de-respaldo-diesel-conectada-a-nivel-de-transmision-desafios-para-la-eficiencia-y-la-descarbonizacion\/\"><strong>\u201cEvaluaci\u00f3n de la capacidad de generaci\u00f3n t\u00e9rmica de respaldo di\u00e9sel conectada a nivel de transmisi\u00f3n: desaf\u00edos para la eficiencia y la descarbonizaci\u00f3n\u201d<\/strong><\/a><a href=\"https:\/\/chilesustentable.net\/publicacion\/evaluacion-de-la-capacidad-de-generacion-termica-de-respaldo-diesel-conectada-a-nivel-de-transmision-desafios-para-la-eficiencia-y-la-descarbonizacion\/\">,<\/a> desarrollado por el Instituto Sistemas Complejos de Ingenier\u00eda (ISCI) para Fundaci\u00f3n Chile Sustentable.<\/p>\n\n\n\n<p class=\"wp-block-paragraph\">El an\u00e1lisis muestra que, en el a\u00f1o 2025, Chile alcanz\u00f3 3.862 MW de capacidad de generaci\u00f3n di\u00e9sel, equivalente a cerca del 8% de la capacidad instalada del Sistema El\u00e9ctrico Nacional (SEN). Sin embargo, se utiliza en promedio, y en condiciones normales, solo el 10% de dicha capacidad instalada, principalmente para la continuidad del suministro en escenarios extremos.<\/p>\n\n\n\n<p class=\"wp-block-paragraph\">Incluso en 2021, identificado por el estudio como el a\u00f1o de mayor utilizaci\u00f3n de generaci\u00f3n di\u00e9sel, durante el 80% del tiempo en que estas centrales fueron despachadas, la potencia utilizada no super\u00f3 los 360 MW, es decir, <strong>menos del 10% de la capacidad disponible.<\/strong> Adem\u00e1s, el estudio se\u00f1ala que, incluso en emergencias, como el <strong>apag\u00f3n nacional del 25 de febrero de 2025, s\u00f3lo se activ\u00f3<\/strong> <strong>un m\u00e1ximo de 895 MW, es decir aproximadamente<\/strong> <strong>un 24% del total de la capacidad di\u00e9sel disponible.<\/strong><\/p>\n\n\n\n<p class=\"wp-block-paragraph\">Para <strong>Sara Larra\u00edn, directora de Chile Sustentable<\/strong>, estos antecedentes cobran especial relevancia en medio de la discusi\u00f3n sobre el costo de la electricidad. \u201cSi bien celebramos la aprobaci\u00f3n de la Ley de Protecci\u00f3n Tarifaria por el alivio que representa postergar la deuda el\u00e9ctrica para las familias, instamos al Gobierno a actuar con la misma urgencia para revisar y corregir las distorsiones existentes en el sistema el\u00e9ctrico, que encarecen el sistema, como es el caso de los sistemas a di\u00e9sel\u201d.<\/p>\n\n\n\n<p class=\"wp-block-paragraph\">El estudio identifica -adem\u00e1s- una inconsistencia relevante: <strong>la capacidad instalada no equivale necesariamente a capacidad efectivamente disponible<\/strong>. Seg\u00fan antecedentes del Coordinador El\u00e9ctrico Nacional analizados por ISCI, la capacidad m\u00e1xima de abastecimiento log\u00edstico de di\u00e9sel alcanza aproximadamente <strong>3.500 m\u00b3 diarios<\/strong>. Sin embargo, operar simult\u00e1neamente todas las unidades di\u00e9sel a plena carga durante un d\u00eda requerir\u00eda del orden de <strong>25.000 m\u00b3<\/strong>, <strong>m\u00e1s de siete veces la capacidad log\u00edstica disponible.<\/strong> Aello se suma que algunas centrales no cuentan con contratos de suministro de combustible, lo que introduce una vulnerabilidad adicional precisamente en los escenarios de estr\u00e9s en que estas unidades deber\u00edan respaldar al sistema.<\/p>\n\n\n\n<p class=\"wp-block-paragraph\">Pese a este escenario, el actual mecanismo de pagos por capacidad reconoce estas unidades como recursos firmes y disponibles. El estudio advierte que esta situaci\u00f3n podr\u00eda estar sobreestimando su contribuci\u00f3n efectiva a la confiabilidad del sistema y generando pagos que no reflejan adecuadamente su disponibilidad real. <em>\u201cExisten a\u00fan incentivos que permiten que centrales usadas o de \u2018segunda vida\u2019 reciban remuneraciones calculadas sobre costos de reposici\u00f3n de unidades nuevas, lo que puede generar rentas excesivas e incentivar la permanencia de activos antiguos y de altas emisiones\u201d,<\/em> agrega Larra\u00edn.<\/p>\n\n\n\n<p class=\"wp-block-paragraph\">El an\u00e1lisis tambi\u00e9n muestra que existen alternativas tecnol\u00f3gicas capaces de reemplazar progresivamente parte importante de este respaldo. M\u00e1s del 70% de los llamados a operaci\u00f3n de las centrales di\u00e9sel registrados durante 2021 tuvieron una duraci\u00f3n inferior a cinco horas, caracter\u00edstica que permitir\u00eda que una fracci\u00f3n relevante de esos requerimientos sea atendida mediante tecnolog\u00edas de almacenamiento de respuesta r\u00e1pida. <strong>Bajo un escenario conservador, el estudio estima que reemplazar con bater\u00edas los eventos de respaldo de corta duraci\u00f3n podr\u00eda<\/strong> <strong>reducir la necesidad de capacidad di\u00e9sel a cerca de 400 MW<\/strong>.<\/p>\n\n\n\n<p class=\"wp-block-paragraph\"><a><\/a>El desaf\u00edo -plantea Chile Sustentable- es determinar cu\u00e1nta de esta capacidad contin\u00faa siendo realmente necesaria, cu\u00e1nto est\u00e1 pagando el sistema por ella y qu\u00e9 tecnolog\u00edas pueden reemplazar progresivamente sus funciones de respaldo, en b\u00fasqueda de reducir pagos ineficientes que encarecen innecesariamente las tarifas el\u00e9ctricas y orientar los incentivos hacia tecnolog\u00edas m\u00e1s limpias y eficientes.<\/p>\n","protected":false},"excerpt":{"rendered":"<p>Investigaci\u00f3n desarrollada por el Instituto de Sistemas Complejos de Ingenier\u00eda (ISCI) para Fundaci\u00f3n Chile Sustentable evidencia que Chile mantiene cerca de 3.862 MW de generaci\u00f3n di\u00e9sel pese a que, incluso en los per\u00edodos de mayor utilizaci\u00f3n, s\u00f3lo una fracci\u00f3n cercana al 10% de esa capacidad ha sido requerida.<\/p>\n","protected":false},"author":1,"featured_media":37213,"comment_status":"closed","ping_status":"closed","sticky":false,"template":"","format":"standard","meta":{"footnotes":""},"categories":[12,4909,4357,2541,3842,3801],"tags":[2118,337,273,247,133],"class_list":["post-37212","post","type-post","status-publish","format-standard","has-post-thumbnail","hentry","category-economia","category-energia","category-estudio-publico","category-investigacion","category-politicas-publicas","category-produccion","tag-semanariolocal","tag-informacion","tag-noticias","tag-region-de-los-lagos","tag-semanario-local"],"_links":{"self":[{"href":"https:\/\/www.semanariolocal.cl\/index.php?rest_route=\/wp\/v2\/posts\/37212","targetHints":{"allow":["GET"]}}],"collection":[{"href":"https:\/\/www.semanariolocal.cl\/index.php?rest_route=\/wp\/v2\/posts"}],"about":[{"href":"https:\/\/www.semanariolocal.cl\/index.php?rest_route=\/wp\/v2\/types\/post"}],"author":[{"embeddable":true,"href":"https:\/\/www.semanariolocal.cl\/index.php?rest_route=\/wp\/v2\/users\/1"}],"replies":[{"embeddable":true,"href":"https:\/\/www.semanariolocal.cl\/index.php?rest_route=%2Fwp%2Fv2%2Fcomments&post=37212"}],"version-history":[{"count":2,"href":"https:\/\/www.semanariolocal.cl\/index.php?rest_route=\/wp\/v2\/posts\/37212\/revisions"}],"predecessor-version":[{"id":37215,"href":"https:\/\/www.semanariolocal.cl\/index.php?rest_route=\/wp\/v2\/posts\/37212\/revisions\/37215"}],"wp:featuredmedia":[{"embeddable":true,"href":"https:\/\/www.semanariolocal.cl\/index.php?rest_route=\/wp\/v2\/media\/37213"}],"wp:attachment":[{"href":"https:\/\/www.semanariolocal.cl\/index.php?rest_route=%2Fwp%2Fv2%2Fmedia&parent=37212"}],"wp:term":[{"taxonomy":"category","embeddable":true,"href":"https:\/\/www.semanariolocal.cl\/index.php?rest_route=%2Fwp%2Fv2%2Fcategories&post=37212"},{"taxonomy":"post_tag","embeddable":true,"href":"https:\/\/www.semanariolocal.cl\/index.php?rest_route=%2Fwp%2Fv2%2Ftags&post=37212"}],"curies":[{"name":"wp","href":"https:\/\/api.w.org\/{rel}","templated":true}]}}