{"id":37200,"date":"2026-08-28T11:15:00","date_gmt":"2026-08-28T15:15:00","guid":{"rendered":"https:\/\/www.semanariolocal.cl\/?p=37200"},"modified":"2026-08-31T09:56:03","modified_gmt":"2026-08-31T13:56:03","slug":"caso-licencias-medicas-que-cambio-y-que-sigue-pendiente","status":"publish","type":"post","link":"https:\/\/www.semanariolocal.cl\/?p=37200","title":{"rendered":"Caso licencias m\u00e9dicas: \u00bfQu\u00e9 cambi\u00f3 y qu\u00e9 sigue pendiente?"},"content":{"rendered":"\n<p class=\"wp-block-paragraph\"><strong><mark style=\"background-color:#abb8c3\" class=\"has-inline-color has-white-color\">28 de Agosto del 2026.- <\/mark><\/strong>A un a\u00f1o de que la Contralor\u00eda General de la Rep\u00fablica destapara el caso de los funcionarios p\u00fablicos que viajaron al extranjero mientras se encontraban con licencia m\u00e9dica, el debate sobre las falencias del sistema sigue abierto. Si bien las cifras muestran una importante disminuci\u00f3n en la emisi\u00f3n de permisos por incapacidad laboral, para el acad\u00e9mico de Derecho de la Universidad Andr\u00e9s Bello, <strong>Javier Soto Sol\u00eds<\/strong>, el desaf\u00edo de fondo contin\u00faa pendiente.<\/p>\n\n\n\n<p class=\"wp-block-paragraph\">El especialista sostiene que la disminuci\u00f3n observada no debe interpretarse como una se\u00f1al de que el sistema haya resuelto sus problemas estructurales.<\/p>\n\n\n\n<p class=\"wp-block-paragraph\">\u00abA\u00fan estamos m\u00e1s cerca de una respuesta correctiva que de una transformaci\u00f3n estructural\u00bb, afirma.<\/p>\n\n\n\n<p class=\"wp-block-paragraph\">A juicio del acad\u00e9mico, la lentitud con que avanzan las investigaciones administrativas y judiciales responde, en buena medida, a la complejidad jur\u00eddica que presentan estos casos.<\/p>\n\n\n\n<p class=\"wp-block-paragraph\">Soto explica que establecer responsabilidades individuales exige cumplir exigentes est\u00e1ndares probatorios, especialmente cuando es necesario diferenciar entre errores administrativos y conductas dolosas.<\/p>\n\n\n\n<p class=\"wp-block-paragraph\">\u00abAcreditar responsabilidades individuales, distinguir entre errores administrativos y conductas fraudulentas, y coordinar procedimientos administrativos y judiciales son procesos que exigen altos est\u00e1ndares probatorios y que, por su naturaleza, suelen extenderse en el tiempo\u00bb, se\u00f1ala.<\/p>\n\n\n\n<p class=\"wp-block-paragraph\">El acad\u00e9mico a\u00f1ade que el principal desaf\u00edo para el sistema no solo consiste en sancionar las irregularidades detectadas, sino tambi\u00e9n en avanzar hacia mecanismos permanentes de prevenci\u00f3n y control que reduzcan los espacios para el fraude.<\/p>\n\n\n\n<p class=\"wp-block-paragraph\">En ese contexto, plantea que las medidas de fiscalizaci\u00f3n implementadas tras el esc\u00e1ndalo representan un avance relevante, pero insuficiente si no van acompa\u00f1adas de reformas capaces de corregir las debilidades estructurales que permitieron que las irregularidades se extendieran durante a\u00f1os.<\/p>\n\n\n\n<p class=\"wp-block-paragraph\">Para Soto, el fortalecimiento de la coordinaci\u00f3n entre los procedimientos administrativos y judiciales, junto con mejores mecanismos de control y prevenci\u00f3n, ser\u00e1 determinante para recuperar la confianza en el sistema de licencias m\u00e9dicas y asegurar una respuesta m\u00e1s eficaz frente a futuras irregularidades.<\/p>\n","protected":false},"excerpt":{"rendered":"<p>Aunque la emisi\u00f3n de licencias ha disminuido desde que estall\u00f3 el esc\u00e1ndalo, el acad\u00e9mico de Derecho Javier Soto Sol\u00eds advierte que las falencias estructurales a\u00fan no han sido resueltas.<\/p>\n","protected":false},"author":1,"featured_media":37201,"comment_status":"closed","ping_status":"closed","sticky":false,"template":"","format":"standard","meta":{"footnotes":""},"categories":[3,4835,4603,7,3842,2484,4570,5019],"tags":[2118,337,4627,273,247,133],"class_list":["post-37200","post","type-post","status-publish","format-standard","has-post-thumbnail","hentry","category-al-dia","category-contraloria","category-medicina-y-salud","category-opinion","category-politicas-publicas","category-salud","category-trabajo-y-empleo","category-transparencia-y-probidad","tag-semanariolocal","tag-informacion","tag-javier-soto-solis","tag-noticias","tag-region-de-los-lagos","tag-semanario-local"],"_links":{"self":[{"href":"https:\/\/www.semanariolocal.cl\/index.php?rest_route=\/wp\/v2\/posts\/37200","targetHints":{"allow":["GET"]}}],"collection":[{"href":"https:\/\/www.semanariolocal.cl\/index.php?rest_route=\/wp\/v2\/posts"}],"about":[{"href":"https:\/\/www.semanariolocal.cl\/index.php?rest_route=\/wp\/v2\/types\/post"}],"author":[{"embeddable":true,"href":"https:\/\/www.semanariolocal.cl\/index.php?rest_route=\/wp\/v2\/users\/1"}],"replies":[{"embeddable":true,"href":"https:\/\/www.semanariolocal.cl\/index.php?rest_route=%2Fwp%2Fv2%2Fcomments&post=37200"}],"version-history":[{"count":1,"href":"https:\/\/www.semanariolocal.cl\/index.php?rest_route=\/wp\/v2\/posts\/37200\/revisions"}],"predecessor-version":[{"id":37202,"href":"https:\/\/www.semanariolocal.cl\/index.php?rest_route=\/wp\/v2\/posts\/37200\/revisions\/37202"}],"wp:featuredmedia":[{"embeddable":true,"href":"https:\/\/www.semanariolocal.cl\/index.php?rest_route=\/wp\/v2\/media\/37201"}],"wp:attachment":[{"href":"https:\/\/www.semanariolocal.cl\/index.php?rest_route=%2Fwp%2Fv2%2Fmedia&parent=37200"}],"wp:term":[{"taxonomy":"category","embeddable":true,"href":"https:\/\/www.semanariolocal.cl\/index.php?rest_route=%2Fwp%2Fv2%2Fcategories&post=37200"},{"taxonomy":"post_tag","embeddable":true,"href":"https:\/\/www.semanariolocal.cl\/index.php?rest_route=%2Fwp%2Fv2%2Ftags&post=37200"}],"curies":[{"name":"wp","href":"https:\/\/api.w.org\/{rel}","templated":true}]}}