{"id":37196,"date":"2026-08-28T11:30:00","date_gmt":"2026-08-28T15:30:00","guid":{"rendered":"https:\/\/www.semanariolocal.cl\/?p=37196"},"modified":"2026-08-31T09:47:23","modified_gmt":"2026-08-31T13:47:23","slug":"crecimiento-y-sostenibilidad-marcan-cuenta-publica-del-rector-de-la-ulagos-oscar-garrido","status":"publish","type":"post","link":"https:\/\/www.semanariolocal.cl\/?p=37196","title":{"rendered":"Crecimiento y sostenibilidad marcan cuenta p\u00fablica del Rector de la ULagos \u00d3scar Garrido"},"content":{"rendered":"\n<p class=\"wp-block-paragraph\"><mark style=\"background-color:#abb8c3\" class=\"has-inline-color has-white-color\"><strong>28 de Agosto del 2026.-<\/strong> <\/mark>Con el anuncio de 4 carreras nuevas para Puerto Montt, 3 ingenier\u00edas y Biolog\u00eda Marina, la Universidad de Los Lagos da cuenta de sus proyecciones para el 2027, no sin antes entregar un balance de las acciones concretas desarrolladas durante el 2025 y 2026, en el marco de la tradicional cuenta p\u00fablica del rector \u00d3scar Garrido.<\/p>\n\n\n\n<p class=\"wp-block-paragraph\">Con la presencia de las autoridades regionales, desde el mundo pol\u00edtico, social, los y las dirigentes comunitarios, representantes del sector p\u00fablico y privado, la academia, los y las estudiantes, se dio el vamos a una cuenta p\u00fablica en un innovador formato audiovisual, que concentr\u00f3 los 4 ejes fundamentales:&nbsp;<strong>Aprendizaje transformador; Investigaci\u00f3n, innovaci\u00f3n y creaci\u00f3n; Sostenibilidad institucional y eje de Liderazgo, vinculaci\u00f3n con el medio y compromiso social.<\/strong><\/p>\n\n\n\n<p class=\"wp-block-paragraph\">\u201c<em>Nos damos cuenta que la universidad es reconocida por el territorio, que cuenta con proyectos de gran alcance, con v\u00ednculos con el sector p\u00fablico y privado. Sin embargo, siento que lo m\u00e1s relevante de esta cuenta es hacer los reconocimientos a los distintos actores y actrices del territorio, que algo tienen que decir porque han marcado huella a nivel regional y nacional. Esta cuenta combina lo pragm\u00e1tico de los resultados con la emoci\u00f3n propia de los reconocimientos<\/em>\u201d, sostuvo el&nbsp;<strong>rector \u00d3scar Garrido.<\/strong><\/p>\n\n\n\n<p class=\"wp-block-paragraph\">\u201c<em>Como siempre yo destaco la gesti\u00f3n del rector \u00d3scar Garrido, junto a un equipo, a una comunidad y eso se proyecta, donde todos los estamentos tienen participaci\u00f3n y demuestra que esta universidad tiene un sentido, que es dar oportunidades a tantas generaciones de j\u00f3venes de diversos sectores. Yo por eso siempre la estar\u00e9 apoyando desde la comisi\u00f3n de Educaci\u00f3n que integro<\/em>\u201d, destac\u00f3 el&nbsp;<strong>diputado H\u00e9ctor Barr\u00eda.<\/strong><\/p>\n\n\n\n<p class=\"wp-block-paragraph\">Tambi\u00e9n estuvo presente la autoridad ancestral&nbsp;<strong>Machi Mar\u00eda Inayado<\/strong>&nbsp;quien destac\u00f3 la amplia variedad de carreras y de estudiantes que tiene la universidad, como tambi\u00e9n la infraestructura en todo el territorio.<\/p>\n\n\n\n<p class=\"wp-block-paragraph\">La&nbsp;<strong>seremi de Ciencia, Tecnolog\u00eda, Conocimiento e Innovaci\u00f3n, Sandra Sep\u00falveda<\/strong>&nbsp;destac\u00f3 la gesti\u00f3n de la Universidad de lograr que 8 de cada 10 estudiantes se queden en la regi\u00f3n para estudiar y aportar posteriormente con sus conocimientos.&nbsp;<em>\u201cMe parecen cifras importantes lo que he visto ac\u00e1, que de 10 estudiantes 7 trabajan en lo que estudiaron, eso es un gran logro que hace la universidad. En cuanto a lo que me corresponde de Ciencia, he visto la gran cantidad de proyectos que se han ganado, tanto en Puerto Montt como en Osorno, creemos que es la universidad que est\u00e1 floreciendo y que est\u00e1 trabajando en lo que nosotros creemos como ministerio\u201d,&nbsp;<\/em>indic\u00f3.<\/p>\n\n\n\n<p class=\"wp-block-paragraph\">DOCENCIA<\/p>\n\n\n\n<p class=\"wp-block-paragraph\">Entre las evidencias, se destaca que la Universidad ampli\u00f3 en los \u00faltimos a\u00f1os significativamente su oferta profesional para responder a necesidades regionales en salud, educaci\u00f3n, ciencias sociales, ingenier\u00eda y desarrollo productivo.<\/p>\n\n\n\n<p class=\"wp-block-paragraph\">Asimismo, fortaleci\u00f3 su \u00e1rea de postgrado ampliando su oferta de programas acad\u00e9micos y profesionales orientados a cubrir brechas y necesidades de especializaci\u00f3n detectadas en el sur austral en diversos \u00e1mbitos y disciplinas.<\/p>\n\n\n\n<p class=\"wp-block-paragraph\">La ULagos ha aumentado en m\u00e1s de un 66% las postulaciones en primera preferencia al proceso de admisi\u00f3n 2026 y registra un incremento de un 15% en la matr\u00edcula de pregrado. Destaca tambi\u00e9n los indicadores de titulaci\u00f3n oportuna y de retenci\u00f3n alcanzando 82% en primer a\u00f1o y 79% en tercero.<\/p>\n\n\n\n<p class=\"wp-block-paragraph\">La relaci\u00f3n con las comunidades escolares es un sello de la instituci\u00f3n que se fortalece cada a\u00f1o con&nbsp;m\u00e1s de 190 establecimientos educacionales de la Regi\u00f3n de Los Lagos. Con ellos se realizan acciones como: Experiencia ULagos 360, di\u00e1logos de admisi\u00f3n, conversaciones con egresados y ferias vocacionales, alcanzando en 2026 m\u00e1s de 9 mil estudiantes.<\/p>\n\n\n\n<p class=\"wp-block-paragraph\">INVESTIGACI\u00d3N<\/p>\n\n\n\n<p class=\"wp-block-paragraph\">Durante 2024 y 2025 la Universidad desarroll\u00f3 un amplio diagn\u00f3stico participativo que permiti\u00f3 identificar fortalezas, brechas y oportunidades en gobernanza, infraestructura, capital humano, postgrado, innovaci\u00f3n y transferencia. Ese trabajo dio origen al proyecto FIU-T, cuya ejecuci\u00f3n comenz\u00f3 en 2026 con un financiamiento cercano a los 20 mil millones de pesos para impulsar una estrategia cient\u00edfica de largo plazo.<\/p>\n\n\n\n<p class=\"wp-block-paragraph\">Durante los \u00faltimos cuatro a\u00f1os la Universidad increment\u00f3 en un 68% el presupuesto destinado a investigaci\u00f3n, innovaci\u00f3n y creaci\u00f3n. Esta inversi\u00f3n sostenida refleja una decisi\u00f3n estrat\u00e9gica por fortalecer las capacidades cient\u00edficas institucionales y avanzar hacia una universidad de mayor complejidad.<\/p>\n\n\n\n<p class=\"wp-block-paragraph\">Del mismo modo se fortaleci\u00f3 significativamente los instrumentos de financiamiento interno, ampliando las oportunidades para desarrollar investigaci\u00f3n pertinente, interdisciplinaria y con impacto territorial. Es importante destacar que&nbsp;<strong>m\u00e1s de la mitad de las investigaciones financiadas con recursos institucionales son lideradas por mujeres<\/strong>.<\/p>\n\n\n\n<p class=\"wp-block-paragraph\">El fortalecimiento de la investigaci\u00f3n durante los \u00faltimos a\u00f1os se refleja en un crecimiento sostenido de la producci\u00f3n cient\u00edfica. La base de investigadores creci\u00f3 en un 137% en 10 a\u00f1os, con un 41% de mujeres.<\/p>\n\n\n\n<p class=\"wp-block-paragraph\">INFRAESTRUCTURA<\/p>\n\n\n\n<p class=\"wp-block-paragraph\">Lo pr\u00f3ximo son la construcci\u00f3n del Edificio de Salud II en Osorno que considera inversi\u00f3n de 10 mil millones den pesos para 3.200 metros cuadrados distribuidos en 3 pisos, destinado fundamentalmente para la formaci\u00f3n de carreras de la salud, incluyendo la carrera de medicina.<\/p>\n\n\n\n<p class=\"wp-block-paragraph\">En Puerto Montt se concretar\u00e1 el anhelado proyecto Campus Salud, Ingenier\u00eda y Artes, Campus Chinquihue, con una inversi\u00f3n superior a los 14 mil millones de pesos para construir m\u00e1s de 5 mil 300 metros cuadrados y con una capacidad para albergar a 1.035 personas.<\/p>\n\n\n\n<p class=\"wp-block-paragraph\">A ello se suman proyectos diversos en cada campus y sedes y la concreci\u00f3n del Eco Parque Cascadas, que destacar\u00e1 todo el valor natural de dicha zona con renovada infraestructura, caba\u00f1as, circuitos, zona de camping, entre otros.<\/p>\n\n\n\n<p class=\"wp-block-paragraph\">VINCULACI\u00d3N CON EL MEDIO<\/p>\n\n\n\n<p class=\"wp-block-paragraph\">El Consejo Asesor Estrat\u00e9gico est\u00e1 conformado por 41 instituciones; entre ellas el 43,9% pertenece al sistema P\u00fablico, 26,8% al sistema Productivo y 29,3% a la Sociedad Civil.<\/p>\n\n\n\n<p class=\"wp-block-paragraph\">La ULagos fortalece el acceso democr\u00e1tico a la cultura mediante una agenda permanente de participaci\u00f3n en los espacios art\u00edsticos de toda la regi\u00f3n gracias a la labor de los elencos de la carrera de pedagog\u00eda en m\u00fasica y pedagog\u00eda en Artes, la Subdirecci\u00f3n de Arte, Cultura y Patrimonio, la galer\u00eda La Caracola, la Academia de Arte y cultura adem\u00e1s de iniciativas en Cine, Danza, Folklore, M\u00fasica, Pintura y teatro.<\/p>\n\n\n\n<p class=\"wp-block-paragraph\">Entre 2021 y 2025 se han impulsado 198 actividades en esta \u00e1rea concentradas en un 93% en la Regi\u00f3n de Los Lagos consolidando este mecanismo de vinculaci\u00f3n con el medio, estableciendo relaciones sistem\u00e1ticas, pertinentes y focalizadas, desde la Extensi\u00f3n, docencia e investigaci\u00f3n.<\/p>\n\n\n\n<p class=\"wp-block-paragraph\">Desde 2026 la ULagos recibe de la Municipalidad de Osorno, la responsabilidad de gestionar el futuro del sitio arqueol\u00f3gico de Pilauco, proyectarlo como una iniciativa emblem\u00e1tica para la identidad de Osorno y la regi\u00f3n, con importante proyecci\u00f3n y visibilidad internacional.<\/p>\n\n\n\n<p class=\"wp-block-paragraph\">La gesti\u00f3n se centrar\u00e1 en su valor patrimonial, cient\u00edfico y educativo al servicio de la comunidad local y el mundo de la ciencia y la investigaci\u00f3n.<\/p>\n\n\n\n<p class=\"wp-block-paragraph\">El presupuesto del \u00e1rea de Vinculaci\u00f3n con el Medio se increment\u00f3 en un 55% en los entre 2021 y 2025. Desde $871 millones en 2021 a m\u00e1s de $1.347 millones en 2025.<\/p>\n\n\n\n<p class=\"wp-block-paragraph\">Esta acci\u00f3n de fortalecimiento consolida capacidad de desarrollar proyectos de impacto regional de una universidad comprometida con su territorio.<\/p>\n\n\n\n<p class=\"wp-block-paragraph\">DISTINCIONES<\/p>\n\n\n\n<p class=\"wp-block-paragraph\">Durante la ceremonia se entregaron 4 importantes distinciones:&nbsp;<strong>Premio Patricio Aylwin Az\u00f3car&nbsp;<\/strong>que se entreg\u00f3 al fallecido diputado Sergio Ojeda Uribe por su invaluable aporte en la recuperaci\u00f3n del estatus universitario en 1993. Lo recibi\u00f3 su hijo Felipe.<\/p>\n\n\n\n<p class=\"wp-block-paragraph\"><strong>Premio Mujer Destacada 2026<\/strong>&nbsp;se otorg\u00f3 a Olga Barrios Belanger, por su invaluable lucha por la igualdad de g\u00e9nero y los derechos de las mujeres.<\/p>\n\n\n\n<p class=\"wp-block-paragraph\">La&nbsp;<strong>Distinci\u00f3n Honor\u00edfica de Rector\u00eda 2026<\/strong>&nbsp;se le entreg\u00f3 a Armadores del Sur, ARMASUR, en reconocimiento a su compromiso social y formaci\u00f3n de capital humano del sector mar\u00edtimo portuario de la Regi\u00f3n de Los Lagos. La distinci\u00f3n fue recibida de manos del gerente general, Manuel Bagnara.<\/p>\n\n\n\n<p class=\"wp-block-paragraph\"><strong>Profesional Destacado 2026<\/strong>&nbsp;lo recibi\u00f3 Esteban Ampuero, titulado de la ULagos quien en 2025 asumi\u00f3 como capit\u00e1n de la primera traves\u00eda cient\u00edfica del Buque de Instrucci\u00f3n Mar\u00edtima (BIM) Capit\u00e1n Williams, el primer buque de formaci\u00f3n mar\u00edtima civil de Chile.<\/p>\n\n\n\n<p class=\"wp-block-paragraph\">La ceremonia cont\u00f3 con la participaci\u00f3n del Ensamble ULagos, dirigido por el acad\u00e9mico Jorge Pacheco que integra a m\u00fasicos de la carrera de Pedagog\u00eda en M\u00fasica de la Universidad.<\/p>\n\n\n\n<figure class=\"wp-block-embed is-type-video is-provider-youtube wp-block-embed-youtube wp-embed-aspect-16-9 wp-has-aspect-ratio\"><div class=\"wp-block-embed__wrapper\">\n<ul class=\"bxslider-vid\"><li><iframe loading=\"lazy\" title=\"Cuenta P\u00fablica 2026 - Rector \u00d3scar Garrido \u00c1lvarez\" width=\"1778\" height=\"1000\" src=\"https:\/\/www.youtube.com\/embed\/lk_DixIN6Vg?feature=oembed\" frameborder=\"0\" allow=\"accelerometer; autoplay; clipboard-write; encrypted-media; gyroscope; picture-in-picture; web-share\" referrerpolicy=\"strict-origin-when-cross-origin\" allowfullscreen><\/iframe><\/li><\/ul>\n<\/div><\/figure>\n","protected":false},"excerpt":{"rendered":"<p>La comunidad regional se reuni\u00f3 en el campus Osorno y a trav\u00e9s de la se\u00f1al de ULagos TV desde todo el territorio, para ser parte de este tradicional acto universitario de transparencia respecto de la gesti\u00f3n institucional de la \u00fanica universidad p\u00fablica de la regi\u00f3n.<\/p>\n","protected":false},"author":1,"featured_media":37197,"comment_status":"closed","ping_status":"closed","sticky":false,"template":"","format":"standard","meta":{"footnotes":""},"categories":[3302,3,11,3608,3842,2483],"tags":[2118,337,273,247,133],"class_list":["post-37196","post","type-post","status-publish","format-standard","has-post-thumbnail","hentry","category-academia","category-al-dia","category-educacion","category-estado","category-politicas-publicas","category-region","tag-semanariolocal","tag-informacion","tag-noticias","tag-region-de-los-lagos","tag-semanario-local"],"_links":{"self":[{"href":"https:\/\/www.semanariolocal.cl\/index.php?rest_route=\/wp\/v2\/posts\/37196","targetHints":{"allow":["GET"]}}],"collection":[{"href":"https:\/\/www.semanariolocal.cl\/index.php?rest_route=\/wp\/v2\/posts"}],"about":[{"href":"https:\/\/www.semanariolocal.cl\/index.php?rest_route=\/wp\/v2\/types\/post"}],"author":[{"embeddable":true,"href":"https:\/\/www.semanariolocal.cl\/index.php?rest_route=\/wp\/v2\/users\/1"}],"replies":[{"embeddable":true,"href":"https:\/\/www.semanariolocal.cl\/index.php?rest_route=%2Fwp%2Fv2%2Fcomments&post=37196"}],"version-history":[{"count":2,"href":"https:\/\/www.semanariolocal.cl\/index.php?rest_route=\/wp\/v2\/posts\/37196\/revisions"}],"predecessor-version":[{"id":37199,"href":"https:\/\/www.semanariolocal.cl\/index.php?rest_route=\/wp\/v2\/posts\/37196\/revisions\/37199"}],"wp:featuredmedia":[{"embeddable":true,"href":"https:\/\/www.semanariolocal.cl\/index.php?rest_route=\/wp\/v2\/media\/37197"}],"wp:attachment":[{"href":"https:\/\/www.semanariolocal.cl\/index.php?rest_route=%2Fwp%2Fv2%2Fmedia&parent=37196"}],"wp:term":[{"taxonomy":"category","embeddable":true,"href":"https:\/\/www.semanariolocal.cl\/index.php?rest_route=%2Fwp%2Fv2%2Fcategories&post=37196"},{"taxonomy":"post_tag","embeddable":true,"href":"https:\/\/www.semanariolocal.cl\/index.php?rest_route=%2Fwp%2Fv2%2Ftags&post=37196"}],"curies":[{"name":"wp","href":"https:\/\/api.w.org\/{rel}","templated":true}]}}