{"id":3712,"date":"2021-12-26T07:23:00","date_gmt":"2021-12-26T10:23:00","guid":{"rendered":"https:\/\/www.semanariolocal.cl\/?p=3712"},"modified":"2021-12-23T22:04:58","modified_gmt":"2021-12-24T01:04:58","slug":"juventud-el-divino-tesoro-de-chile","status":"publish","type":"post","link":"https:\/\/www.semanariolocal.cl\/?p=3712","title":{"rendered":"Juventud: el divino tesoro de Chile"},"content":{"rendered":"\n<p style=\"font-size:17px\">No es s\u00f3lo \u00edmpetu, insolencia o pasi\u00f3n, hist\u00f3ricamente la juventud en Chile ha resaltado por sus ganas de cambiar lo establecido, lo que cre\u00edamos s\u00f3lido y seguro, de pronto ellos nos hacen ver que se puede modificar y mejorar. Durante mucho tiempo se habl\u00f3 de los adolescentes dormidos, que \u201cno estaban ni ah\u00ed\u201d, sin opini\u00f3n ni injerencia en lo importante y en lo p\u00fablico. Sin embargo, los ni\u00f1os dormidos, en 2006 iniciaron la \u201crevoluci\u00f3n ping\u00fcina\u201d, donde los \u201ccabros\u201d izaron la bandera de la calidad en la educaci\u00f3n para que no fuese una fuente de lucro. La movilizaci\u00f3n alert\u00f3 a las autoridades y se puso a rodar la acci\u00f3n desde los ministerios. Las tomas de colegios, no eran s\u00f3lo una postal, fueron un motor de cambio.<\/p>\n\n\n\n<p style=\"font-size:17px\">En dictadura, ellos fueron los que tomaron el camino m\u00e1s arriesgado y amargo. La periodista Alejandra Matus, da unos datos impresionantes: Un tercio de los detenidos y detenidas desaparecidas ten\u00eda entre 14 y 18 a\u00f1os. Casi la mitad ten\u00eda entre 18 y 24. Apenas un 3 por ciento ten\u00eda m\u00e1s de 35 a\u00f1os. Despu\u00e9s de muchos a\u00f1os, se repet\u00eda durante el estallido social de 2019, la participaci\u00f3n casi homog\u00e9nea de j\u00f3venes, que clamaron con angustia un deseo postergado de sus padres y abuelos: mejorar las pensiones baj\u00edsimas, la falta de acceso a educaci\u00f3n, salud y vivienda, entre otras carencias, hizo surgir un grito, que se trat\u00f3 de acallar con una fuerte represi\u00f3n policial. Seg\u00fan el Instituto Nacional de Derechos Humanos (INDH), 460 personas resultaron con lesiones oculares, de las cuales dos quedaron ciegas y 35 sufrieron p\u00e9rdida total de uno de los ojos. Fabiola Campillay, electa senadora y Gustavo Gatica, estudiante de Psicolog\u00eda de 21 a\u00f1os, fueron cegados por fuerzas policiales. En la revista Time, Gustavo afirm\u00f3 que perdi\u00f3 los ojos por protestar contra la desigualdad.<\/p>\n\n\n\n<p style=\"font-size:17px\">Los universitarios del 2011, (quienes a partir de marzo nos gobernar\u00e1n) protestaron de forma masiva por una educaci\u00f3n p\u00fablica, gratuita y de calidad, contra una educaci\u00f3n universitaria car\u00edsima donde m\u00e1s del 70% de los j\u00f3venes usa cr\u00e9dito universitario y algunos demoran hasta 20 a\u00f1os en pagarlo. Endeudarse para educarse, es lo que no se toleraba y por lo que se march\u00f3 por las calles de Santiago y por todas las regiones del pa\u00eds. La canci\u00f3n legendaria de Los Prisioneros: El baile de los que sobran, compuesta en los 80, es coreada en el siglo XXI en cada protesta como un himno.<\/p>\n\n\n\n<p style=\"font-size:17px\">Hoy los chilenos eligieron un l\u00edder de 35 a\u00f1os, convertido en el Presidente electo m\u00e1s joven y votado de la historia, con 4,6 millones de sufragios y una biograf\u00eda marcada por las movilizaciones estudiantiles. Violeta Parra, fue quiz\u00e1s quien m\u00e1s alab\u00f3 a la juventud cuando cantaba: \u201c\u00a1Que vivan los estudiantes, jard\u00edn de nuestra alegr\u00eda! Son aves que no se asustan de animal ni polic\u00eda y no le asustan las balas ni el ladrar de la jaur\u00eda\u201d.<\/p>\n\n\n\n<p style=\"font-size:17px\"><strong>Carlos Schneider Ya\u00f1ez<\/strong><\/p>\n\n\n\n<p style=\"font-size:17px\"><strong>Odont\u00f3logo y Mag\u00edster en Gesti\u00f3n en Salud<\/strong><\/p>\n\n\n\n<p style=\"font-size:17px\"><strong>Universidad de Chile<\/strong><\/p>\n\n\n\n<p style=\"font-size:17px\"><strong>M.B.A. Tulane University (USA)<\/strong><\/p>\n","protected":false},"excerpt":{"rendered":"<p>No es s\u00f3lo \u00edmpetu, insolencia o pasi\u00f3n, hist\u00f3ricamente la juventud en Chile ha resaltado por sus ganas de cambiar lo establecido, lo que cre\u00edamos s\u00f3lido y seguro, de pronto ellos nos hacen ver que se puede modificar y mejorar. Durante mucho tiempo se habl\u00f3 de los adolescentes dormidos, que \u201cno estaban ni ah\u00ed\u201d, sin opini\u00f3n&#8230;<a class=\"btnReadMore\" href=\"https:\/\/www.semanariolocal.cl\/?p=3712\"> Leer M\u00e1s<\/a><\/p>\n","protected":false},"author":1,"featured_media":3713,"comment_status":"closed","ping_status":"closed","sticky":false,"template":"","format":"standard","meta":{"footnotes":""},"categories":[7],"tags":[],"class_list":["post-3712","post","type-post","status-publish","format-standard","has-post-thumbnail","hentry","category-opinion"],"_links":{"self":[{"href":"https:\/\/www.semanariolocal.cl\/index.php?rest_route=\/wp\/v2\/posts\/3712","targetHints":{"allow":["GET"]}}],"collection":[{"href":"https:\/\/www.semanariolocal.cl\/index.php?rest_route=\/wp\/v2\/posts"}],"about":[{"href":"https:\/\/www.semanariolocal.cl\/index.php?rest_route=\/wp\/v2\/types\/post"}],"author":[{"embeddable":true,"href":"https:\/\/www.semanariolocal.cl\/index.php?rest_route=\/wp\/v2\/users\/1"}],"replies":[{"embeddable":true,"href":"https:\/\/www.semanariolocal.cl\/index.php?rest_route=%2Fwp%2Fv2%2Fcomments&post=3712"}],"version-history":[{"count":1,"href":"https:\/\/www.semanariolocal.cl\/index.php?rest_route=\/wp\/v2\/posts\/3712\/revisions"}],"predecessor-version":[{"id":3714,"href":"https:\/\/www.semanariolocal.cl\/index.php?rest_route=\/wp\/v2\/posts\/3712\/revisions\/3714"}],"wp:featuredmedia":[{"embeddable":true,"href":"https:\/\/www.semanariolocal.cl\/index.php?rest_route=\/wp\/v2\/media\/3713"}],"wp:attachment":[{"href":"https:\/\/www.semanariolocal.cl\/index.php?rest_route=%2Fwp%2Fv2%2Fmedia&parent=3712"}],"wp:term":[{"taxonomy":"category","embeddable":true,"href":"https:\/\/www.semanariolocal.cl\/index.php?rest_route=%2Fwp%2Fv2%2Fcategories&post=3712"},{"taxonomy":"post_tag","embeddable":true,"href":"https:\/\/www.semanariolocal.cl\/index.php?rest_route=%2Fwp%2Fv2%2Ftags&post=3712"}],"curies":[{"name":"wp","href":"https:\/\/api.w.org\/{rel}","templated":true}]}}