{"id":3706,"date":"2021-12-25T07:07:00","date_gmt":"2021-12-25T10:07:00","guid":{"rendered":"https:\/\/www.semanariolocal.cl\/?p=3706"},"modified":"2021-12-23T20:09:43","modified_gmt":"2021-12-23T23:09:43","slug":"300-familias-de-sectores-rurales-contaran-con-agua-desde-el-3-de-enero-al-31-de-marzo","status":"publish","type":"post","link":"https:\/\/www.semanariolocal.cl\/?p=3706","title":{"rendered":"300 familias de sectores rurales contar\u00e1n con agua desde el 3 de enero al 31 de marzo"},"content":{"rendered":"\n<p style=\"font-size:17px\">Producto de la escasez h\u00eddrica que afecta a la regi\u00f3n de los Lagos, el Ministerio de Obras P\u00fablicas ampli\u00f3 desde el pasado 5 de octubre en seis meses m\u00e1s el decreto para las provincias de Osorno, Llanquihue y Chilo\u00e9.<\/p>\n\n\n\n<p style=\"font-size:17px\">En ese contexto y por lo extenso de la comuna de Puerto Varas, el municipio realiz\u00f3 un in\u00e9dito operativo en donde se catastro a m\u00e1s de 300 familias que no cuentan con acceso al agua potable, por lo cual, con recursos de ONEMI se podr\u00e1 dotar y asegurar la entrega del vital elemento entre el 3 de enero y el 31 de marzo.<\/p>\n\n\n\n<p style=\"font-size:17px\">Sobre esta importante noticia para las y los habitantes de los sectores rurales de la comuna de Puerto Varas, el Alcalde Tom\u00e1s G\u00e1rate explic\u00f3 que<strong><em> \u201ca partir del decreto que establece que la regi\u00f3n de Los Lagos enfrenta escasez h\u00eddrica como Municipalidad nos movilizamos e hicimos un operativo in\u00e9dito con decenas de funcionarios y funcionarias que estuvieron en terreno revisando y levantando la informaci\u00f3n de cientos de familias, logramos catastrar m\u00e1s de 300 familias que no tienen acceso al agua potable. Frente a eso logramos apalancar recursos de la ONEMI que nos asegur\u00f3 una distribuci\u00f3n de 50 litros por persona por d\u00eda que se va a entregar una vez a la semana a m\u00e1s de 300 familias entre el 3 de enero y el 31 de marzo, esto es algo que no se hab\u00eda dado antes y que nos permite entregar mayor seguridad y bienestar a quienes m\u00e1s lo necesiten\u201d<\/em>.&nbsp;&nbsp;&nbsp;&nbsp;&nbsp;&nbsp;&nbsp;&nbsp;<\/strong><\/p>\n\n\n\n<p style=\"font-size:17px\">Adem\u00e1s de estos recursos otorgados por ONEMI, el municipio complementar\u00e1 el apoyo con el vital elemento a trav\u00e9s del cami\u00f3n aljibes y apoyar a las familias principalmente de los sectores rurales. Al respecto el Alcalde Tom\u00e1s G\u00e1rate agreg\u00f3 que<strong> <em>\u201cnosotros tambi\u00e9n contamos con un cami\u00f3n aljibes que lo estamos adaptando para poder tener mayor capacidad y as\u00ed complementar los nuevos recursos de la ONEMI para ir en ayuda de las familias que m\u00e1s necesitan este recurso tan b\u00e1sico\u201d<\/em>.&nbsp;&nbsp;<\/strong><\/p>\n\n\n\n<p style=\"font-size:17px\">Cabe se\u00f1alar que el catastro realizado por el municipio se ejecut\u00f3 entre el 29 de noviembre y el 5 de diciembre en donde los equipos de la DIDECO y SECPLA aplicaron la Ficha B\u00e1sica de Emergencia H\u00eddrica FIBEH a familias de sectores rurales de Puerto Varas.<\/p>\n","protected":false},"excerpt":{"rendered":"<p>\u2022\tEquipo municipal realiz\u00f3 in\u00e9dito operativo en donde se catastraron a cientos de familias que no tienen acceso al vital elemento. Las familias beneficiadas contar\u00e1n con suministro de agua entre el 3 de enero y el 31 de marzo<\/p>\n","protected":false},"author":1,"featured_media":3707,"comment_status":"closed","ping_status":"closed","sticky":false,"template":"","format":"standard","meta":{"footnotes":""},"categories":[20,3,8],"tags":[],"class_list":["post-3706","post","type-post","status-publish","format-standard","has-post-thumbnail","hentry","category-agro","category-al-dia","category-comunas"],"_links":{"self":[{"href":"https:\/\/www.semanariolocal.cl\/index.php?rest_route=\/wp\/v2\/posts\/3706","targetHints":{"allow":["GET"]}}],"collection":[{"href":"https:\/\/www.semanariolocal.cl\/index.php?rest_route=\/wp\/v2\/posts"}],"about":[{"href":"https:\/\/www.semanariolocal.cl\/index.php?rest_route=\/wp\/v2\/types\/post"}],"author":[{"embeddable":true,"href":"https:\/\/www.semanariolocal.cl\/index.php?rest_route=\/wp\/v2\/users\/1"}],"replies":[{"embeddable":true,"href":"https:\/\/www.semanariolocal.cl\/index.php?rest_route=%2Fwp%2Fv2%2Fcomments&post=3706"}],"version-history":[{"count":1,"href":"https:\/\/www.semanariolocal.cl\/index.php?rest_route=\/wp\/v2\/posts\/3706\/revisions"}],"predecessor-version":[{"id":3708,"href":"https:\/\/www.semanariolocal.cl\/index.php?rest_route=\/wp\/v2\/posts\/3706\/revisions\/3708"}],"wp:featuredmedia":[{"embeddable":true,"href":"https:\/\/www.semanariolocal.cl\/index.php?rest_route=\/wp\/v2\/media\/3707"}],"wp:attachment":[{"href":"https:\/\/www.semanariolocal.cl\/index.php?rest_route=%2Fwp%2Fv2%2Fmedia&parent=3706"}],"wp:term":[{"taxonomy":"category","embeddable":true,"href":"https:\/\/www.semanariolocal.cl\/index.php?rest_route=%2Fwp%2Fv2%2Fcategories&post=3706"},{"taxonomy":"post_tag","embeddable":true,"href":"https:\/\/www.semanariolocal.cl\/index.php?rest_route=%2Fwp%2Fv2%2Ftags&post=3706"}],"curies":[{"name":"wp","href":"https:\/\/api.w.org\/{rel}","templated":true}]}}