{"id":3703,"date":"2021-12-25T08:04:00","date_gmt":"2021-12-25T11:04:00","guid":{"rendered":"https:\/\/www.semanariolocal.cl\/?p=3703"},"modified":"2021-12-23T20:06:04","modified_gmt":"2021-12-23T23:06:04","slug":"funcionarios-del-sso-realizan-donacion-navidena-a-ninos-de-institucion-de-acogida","status":"publish","type":"post","link":"https:\/\/www.semanariolocal.cl\/?p=3703","title":{"rendered":"Funcionarios del SSO realizan donaci\u00f3n navide\u00f1a a ni\u00f1os de instituci\u00f3n de acogida"},"content":{"rendered":"\n<p style=\"font-size:17px\">Un momento especial se vivi\u00f3 recientemente en dependencias del&nbsp;Programa de Familias de Acogida Especializada (FAE) \u201cEl Quillay\u201d, en la comuna de&nbsp;Osorno, hasta donde lleg\u00f3 una comitiva del&nbsp;Servicio de Salud (SSO)&nbsp;encabezada por el&nbsp;Subdirector de Gesti\u00f3n Asistencial, Dr. Jorge Castilla, para donar -de parte de funcionarios\/as- regalos de&nbsp;Navidad&nbsp;a los menores que atiende esta instituci\u00f3n dependiente de&nbsp;Fundaci\u00f3n Coanil.<\/p>\n\n\n\n<p style=\"font-size:17px\">La actividad en coordinaci\u00f3n con FAE, fue gestionada por el&nbsp;Departamento de Desarrollo Organizacional&nbsp;del SSO, cuyo jefe&nbsp;Gustavo Aravena&nbsp;tambi\u00e9n se hizo presente; organizada con el prop\u00f3sito de brindar un obsequio a un ni\u00f1o\/a, incentivando as\u00ed el esp\u00edritu navide\u00f1o y la solidaridad entre los funcionarios\/as a trav\u00e9s de este gesto.<\/p>\n\n\n\n<p style=\"font-size:17px\">\u201cEstamos muy contentos de hacernos presentes, aqu\u00ed hay un cari\u00f1o de los funcionarios del Servicio de Salud, quienes quisieron manifestarse, estar presentes, se motivaron y en muy corto tiempo acudieron con presentes para que estos ni\u00f1os tengan una sonrisa m\u00e1s en estas fiestas, as\u00ed que muy feliz de poder formar parte de esto\u201d, expres\u00f3 en la ocasi\u00f3n el&nbsp;Dr. Castilla.<\/p>\n\n\n\n<p style=\"font-size:17px\">El programa&nbsp;FAE Osorno atiende a m\u00e1s de 60 ni\u00f1os, ni\u00f1as y adolescentes&nbsp;(0 a 17 a\u00f1os de edad), separados temporalmente de su n\u00facleo familiar por orden de un tribunal competente, debido a que han sufrido alguna vulneraci\u00f3n de sus derechos, siendo ubicados con familias (o familiares) que esta instituci\u00f3n apoya y orienta en cuanto a cuidado y protecci\u00f3n, gracias un equipo multidisciplinario de profesionales.<\/p>\n\n\n\n<p style=\"font-size:17px\">De esta manera se busca resguardar sus necesidades emocionales b\u00e1sicas de cari\u00f1o, sentimientos de apego, su derecho a vivir, descansar y jugar en un ambiente sano y feliz, todo lo cual es fundamental para el desarrollo pleno. En ese marco, el SSO \u201capadrin\u00f3\u201d a este programa mediante la&nbsp;campa\u00f1a de recolecci\u00f3n de regalos navide\u00f1os, la que obtuvo una inmediata respuesta de parte de los funcionarios\/as de la Direcci\u00f3n de Servicio, como una forma de aportar a esta causa de responsabilidad social.&nbsp;<\/p>\n\n\n\n<p style=\"font-size:17px\">\u201cNuestro programa est\u00e1 enfocado principalmente en el acogimiento familiar transitorio, que consiste en que los menores se mantengan en un contexto familiar, son ni\u00f1os que est\u00e1n bajo alguna medida de protecci\u00f3n porque han sido vulnerados en sus derechos, y nuestra funci\u00f3n principal es protegerlos y restituir su derecho&nbsp; a vivir en familia. As\u00ed que agradecer y valorar el apoyo del Servicio de Salud, porque estos regalos representan algo no s\u00f3lo simb\u00f3lico, sino que una preocupaci\u00f3n hacia la comunidad, hacia los ni\u00f1os, un compromiso que va m\u00e1s all\u00e1 de lo instrumental, representa cari\u00f1o\u201d, coment\u00f3 por su parte el&nbsp;director de FAE Osorno, Cristian Bravo.<\/p>\n\n\n\n<p style=\"font-size:17px\">Asimismo, la profesional del Departamento de Desarrollo Organizacional,&nbsp;Guisella Franco, destac\u00f3 que \u201cla idea fue creciendo, todos quisieron colaborar, nos comunicamos con FAE y lo organizamos. La acogida de los funcionarios y funcionarias fue fabulosa e inmediata, as\u00ed que queremos transmitir a FAE todo el cari\u00f1o, pues a muchos funcionarios les hubiese gustado haber estado aqu\u00ed presentes, as\u00ed que esperamos que sea un momento de felicidad para los ni\u00f1os\u201d.<\/p>\n\n\n\n<p style=\"font-size:17px\">Finalmente, la coordinadora t\u00e9cnica del equipo FAE Osorno,&nbsp;Katherine M\u00fcller, agreg\u00f3 que &nbsp;\u201cqueremos darle las gracias al equipo de salud por este apoyo fundamental para nosotros, y recalcar que la infancia en nuestro pa\u00eds es responsabilidad de todos, tanto de servicios, organismos como tambi\u00e9n de la comunidad, as\u00ed que invitar a que participen de nuestro proyecto, donde siempre estamos necesitando familias que quieran colaborar y promover el acogimiento familiar, tenemos una cobertura provincial, as\u00ed que todos son bienvenidos\u201d.<\/p>\n\n\n\n<p style=\"font-size:17px\">Para quienes deseen colaborar&nbsp;con FAE El Quillay Osorno, est\u00e1n presentes en redes sociales e igualmente disponen el correo electr\u00f3nico&nbsp;<a href=\"mailto:faeelquillay@coanil.cl\" target=\"_blank\" rel=\"noreferrer noopener\">faeelquillay@coanil.cl<\/a>&nbsp;y el n\u00famero telef\u00f3nico 64 2 310963.<\/p>\n","protected":false},"excerpt":{"rendered":"<p>Un momento especial se vivi\u00f3 recientemente en dependencias del&nbsp;Programa de Familias de Acogida Especializada (FAE) \u201cEl Quillay\u201d, en la comuna de&nbsp;Osorno, hasta donde lleg\u00f3 una comitiva del&nbsp;Servicio de Salud (SSO)&nbsp;encabezada por el&nbsp;Subdirector de Gesti\u00f3n Asistencial, Dr. Jorge Castilla, para donar -de parte de funcionarios\/as- regalos de&nbsp;Navidad&nbsp;a los menores que atiende esta instituci\u00f3n dependiente de&nbsp;Fundaci\u00f3n Coanil&#8230;.<a class=\"btnReadMore\" href=\"https:\/\/www.semanariolocal.cl\/?p=3703\"> Leer M\u00e1s<\/a><\/p>\n","protected":false},"author":1,"featured_media":3704,"comment_status":"closed","ping_status":"closed","sticky":false,"template":"","format":"standard","meta":{"footnotes":""},"categories":[3],"tags":[],"class_list":["post-3703","post","type-post","status-publish","format-standard","has-post-thumbnail","hentry","category-al-dia"],"_links":{"self":[{"href":"https:\/\/www.semanariolocal.cl\/index.php?rest_route=\/wp\/v2\/posts\/3703","targetHints":{"allow":["GET"]}}],"collection":[{"href":"https:\/\/www.semanariolocal.cl\/index.php?rest_route=\/wp\/v2\/posts"}],"about":[{"href":"https:\/\/www.semanariolocal.cl\/index.php?rest_route=\/wp\/v2\/types\/post"}],"author":[{"embeddable":true,"href":"https:\/\/www.semanariolocal.cl\/index.php?rest_route=\/wp\/v2\/users\/1"}],"replies":[{"embeddable":true,"href":"https:\/\/www.semanariolocal.cl\/index.php?rest_route=%2Fwp%2Fv2%2Fcomments&post=3703"}],"version-history":[{"count":1,"href":"https:\/\/www.semanariolocal.cl\/index.php?rest_route=\/wp\/v2\/posts\/3703\/revisions"}],"predecessor-version":[{"id":3705,"href":"https:\/\/www.semanariolocal.cl\/index.php?rest_route=\/wp\/v2\/posts\/3703\/revisions\/3705"}],"wp:featuredmedia":[{"embeddable":true,"href":"https:\/\/www.semanariolocal.cl\/index.php?rest_route=\/wp\/v2\/media\/3704"}],"wp:attachment":[{"href":"https:\/\/www.semanariolocal.cl\/index.php?rest_route=%2Fwp%2Fv2%2Fmedia&parent=3703"}],"wp:term":[{"taxonomy":"category","embeddable":true,"href":"https:\/\/www.semanariolocal.cl\/index.php?rest_route=%2Fwp%2Fv2%2Fcategories&post=3703"},{"taxonomy":"post_tag","embeddable":true,"href":"https:\/\/www.semanariolocal.cl\/index.php?rest_route=%2Fwp%2Fv2%2Ftags&post=3703"}],"curies":[{"name":"wp","href":"https:\/\/api.w.org\/{rel}","templated":true}]}}