{"id":3697,"date":"2021-12-25T07:24:00","date_gmt":"2021-12-25T10:24:00","guid":{"rendered":"https:\/\/www.semanariolocal.cl\/?p=3697"},"modified":"2021-12-23T19:27:23","modified_gmt":"2021-12-23T22:27:23","slug":"junji-los-lagos-inauguro-jardin-infantil-dos-esteros","status":"publish","type":"post","link":"https:\/\/www.semanariolocal.cl\/?p=3697","title":{"rendered":"JUNJI Los Lagos inaugur\u00f3 jard\u00edn Infantil Dos Esteros"},"content":{"rendered":"\n<p style=\"font-size:17px\">La moderna instalaci\u00f3n de dos pisos, ubicada en calle San Javier de capital regional, tuvo un costo de inversi\u00f3n de 800 millones de pesos y abri\u00f3 sus puertas a fines de septiembre del 2019. En la ceremonia participaron autoridades regionales tales como el delegado Presidencial, Carlos Geisse; la seremi de Educaci\u00f3n, Paulina Lobos; el director de JUNJI Los Lagos, Eduardo Hern\u00e1ndez y la comunidad educativa de \u201cDos Esteros\u201d, encabezada por su directora Mar\u00eda Pilar L\u00f3pez.<\/p>\n\n\n\n<p style=\"font-size:17px\">\u201cCuando el Presidente Sebasti\u00e1n Pi\u00f1era relev\u00f3 a los ni\u00f1os primero, fue parte del sentir de este Gobierno, principalmente, al centrar su ayuda a las personas m\u00e1s postergadas y a quienes hay que dignificar y situarlos en el nivel que corresponde\u201d, dijo el delegado Presidencial.<\/p>\n\n\n\n<p style=\"font-size:17px\">Geisse agreg\u00f3: \u201cestamos felices de poder inaugurar este establecimiento antes de las fiestas de Navidad y de A\u00f1o Nuevo. Cuando uno tiene algo nuevo, siempre tiene que hacer un reconocimiento. Tambi\u00e9n, agradecer a la Seremi de Educaci\u00f3n, a trav\u00e9s de la JUNJI, todo el trabajo que ha hecho en este tiempo. Son 43 establecimientos JUNJI donde los ni\u00f1os aprenden y se da cuenta de un trabajo eficiente y pr\u00f3spero en educaci\u00f3n inicial\u201d.<\/p>\n\n\n\n<p style=\"font-size:17px\">En tanto, la seremi de Educaci\u00f3n, Paulina Lobos, resalt\u00f3 el trabajo mancomunado de toda la comunidad JUNJI. \u201cEste es un hito muy importante y tal como nos dice nuestro ministro, necesitamos seguir relevado la importancia de la Educaci\u00f3n Parvularia, porque es el primero en la trayectoria educativa de una persona y porque, en definitiva, establece las bases para todo el desarrollo de nuestros ni\u00f1os y ni\u00f1as y los j\u00f3venes en el futuro\u201d.<\/p>\n\n\n\n<p style=\"font-size:17px\">El director de JUNJI Los Lagos, Eduardo Hern\u00e1ndez, destac\u00f3 la labor de las comunidades de los jardines infantiles y salas cunas, ya que \u201cestos espacios modernos y confortables dan tranquilidad y sobre todo mayor seguridad a todas nuestras familias. Hoy, tambi\u00e9n, celebramos la excelente labor de su directora Mar\u00eda Pilar Lopez y todo su equipo educativo en el funcionamiento y en poder dar continuidad a las actividades parvularias de este recinto desde el 2019, con todas las complejidades que ello signific\u00f3\u201d.<\/p>\n","protected":false},"excerpt":{"rendered":"<p>Autoridades regionales y comunidad JUNJI efectuaron ceremonia de inauguraci\u00f3n de la unidad educativa, ubicada en el sector Pelluco-Alto de la comuna de Puerto Montt y la cual atiende a 50 ni\u00f1os y ni\u00f1as en niveles sala cuna y medio heterog\u00e9neo.<\/p>\n","protected":false},"author":1,"featured_media":3698,"comment_status":"closed","ping_status":"closed","sticky":false,"template":"","format":"standard","meta":{"footnotes":""},"categories":[3,11],"tags":[],"class_list":["post-3697","post","type-post","status-publish","format-standard","has-post-thumbnail","hentry","category-al-dia","category-educacion"],"_links":{"self":[{"href":"https:\/\/www.semanariolocal.cl\/index.php?rest_route=\/wp\/v2\/posts\/3697","targetHints":{"allow":["GET"]}}],"collection":[{"href":"https:\/\/www.semanariolocal.cl\/index.php?rest_route=\/wp\/v2\/posts"}],"about":[{"href":"https:\/\/www.semanariolocal.cl\/index.php?rest_route=\/wp\/v2\/types\/post"}],"author":[{"embeddable":true,"href":"https:\/\/www.semanariolocal.cl\/index.php?rest_route=\/wp\/v2\/users\/1"}],"replies":[{"embeddable":true,"href":"https:\/\/www.semanariolocal.cl\/index.php?rest_route=%2Fwp%2Fv2%2Fcomments&post=3697"}],"version-history":[{"count":1,"href":"https:\/\/www.semanariolocal.cl\/index.php?rest_route=\/wp\/v2\/posts\/3697\/revisions"}],"predecessor-version":[{"id":3699,"href":"https:\/\/www.semanariolocal.cl\/index.php?rest_route=\/wp\/v2\/posts\/3697\/revisions\/3699"}],"wp:featuredmedia":[{"embeddable":true,"href":"https:\/\/www.semanariolocal.cl\/index.php?rest_route=\/wp\/v2\/media\/3698"}],"wp:attachment":[{"href":"https:\/\/www.semanariolocal.cl\/index.php?rest_route=%2Fwp%2Fv2%2Fmedia&parent=3697"}],"wp:term":[{"taxonomy":"category","embeddable":true,"href":"https:\/\/www.semanariolocal.cl\/index.php?rest_route=%2Fwp%2Fv2%2Fcategories&post=3697"},{"taxonomy":"post_tag","embeddable":true,"href":"https:\/\/www.semanariolocal.cl\/index.php?rest_route=%2Fwp%2Fv2%2Ftags&post=3697"}],"curies":[{"name":"wp","href":"https:\/\/api.w.org\/{rel}","templated":true}]}}