{"id":3691,"date":"2021-12-24T07:50:00","date_gmt":"2021-12-24T10:50:00","guid":{"rendered":"https:\/\/www.semanariolocal.cl\/?p=3691"},"modified":"2021-12-23T18:52:16","modified_gmt":"2021-12-23T21:52:16","slug":"asi-funcionan-feriados-obligatorios-e-irrenunciables-de-navidad-y-ano-nuevo","status":"publish","type":"post","link":"https:\/\/www.semanariolocal.cl\/?p=3691","title":{"rendered":"As\u00ed funcionan feriados obligatorios e irrenunciables de Navidad y A\u00f1o Nuevo"},"content":{"rendered":"\n<p style=\"font-size:17px\">La Direcci\u00f3n del Trabajo inform\u00f3 sobre el funcionamiento del comercio durante los feriados obligatorios e irrenunciables de Navidad y A\u00f1o Nuevo, 25 de diciembre y 1 de enero, respectivamente.<\/p>\n\n\n\n<p style=\"font-size:17px\">Los trabajadores del comercio tendr\u00e1n que estar fuera de su lugar de trabajo a las 20:00 horas del viernes 24 de diciembre y hasta las 06:00 horas del domingo 26 de diciembre, y a las 20:00 horas del viernes 31 de diciembre y hasta las 06:00 horas del domingo 2 de enero de 2022, de acuerdo a la normativa vigente.<\/p>\n\n\n\n<p style=\"font-size:17px\">Las denuncias se podr\u00e1n realizar en el sitio web&nbsp;<a href=\"http:\/\/www.direcciondeltrabajo.cl\/\" target=\"_blank\" rel=\"noreferrer noopener\">www.direcciondeltrabajo.cl<\/a><\/p>\n\n\n\n<p style=\"font-size:17px\"><strong>Infracciones<\/strong><\/p>\n\n\n\n<p style=\"font-size:17px\">En caso de no cumplir con estos feriados obligatorios e irrenunciables, las infracciones ser\u00e1n sancionadas con multas que van desde las 5 UTM ($270.855 al mes de diciembre de 2021) hasta las 60 UTM ($3.250.260 al mes de diciembre de 2021) por cada trabajador afectado por la infracci\u00f3n, considerando el n\u00famero de trabajadores total de la empresa.<\/p>\n\n\n\n<p style=\"font-size:17px\">Los empleadores sorprendidos en infracci\u00f3n deber\u00e1n cesar las labores de los trabajadores de inmediato, y abandonar su lugar de trabajo, sin perjuicio de curs\u00e1rseles la multa respectiva.<\/p>\n\n\n\n<p style=\"font-size:17px\">Cabe se\u00f1alar que los establecimientos comerciales atendidos por sus propios due\u00f1os y\/o familiares directos pueden abrir, debido a que no existe relaci\u00f3n laboral en este caso.<\/p>\n\n\n\n<p style=\"font-size:17px\">En caso de no cumplir con otorgar el descanso alternado cada dos a\u00f1os a los trabajadores que laboraron en el mismo feriado del a\u00f1o anterior, las multas van desde las 5 UTM ($270.855 al mes de diciembre de 2021) hasta 60 UTM ($3.250.260 al mes de diciembre de 2021) por cada trabajador afectado por la infracci\u00f3n, considerando el n\u00famero de trabajadores total de la empresa.<\/p>\n\n\n\n<p style=\"font-size:17px\"><strong>\u00bfQui\u00e9nes son considerados trabajadores del comercio?<\/strong><\/p>\n\n\n\n<p style=\"font-size:17px\">Son considerados como trabajadores del comercio todos aquellos que laboran en un establecimiento de tal naturaleza y cuyas funciones se relacionen con el expendio o venta directa al p\u00fablico de las mercader\u00edas o productos que en ellos se ofrecen.<\/p>\n\n\n\n<p style=\"font-size:17px\">Se except\u00faan aquellos trabajadores del comercio que se desempe\u00f1an en: restaurantes; establecimientos de entretenimiento, tales como cines, espect\u00e1culos en vivo, discotecas, pub, cabaret, clubes; locales comerciales en los aer\u00f3dromos civiles p\u00fablicos y aeropuertos; casinos de juegos y otros lugares de juegos legalmente autorizados; expendio de combustibles, farmacias de urgencia y farmacias que deban cumplir turnos fijados por la autoridad sanitaria. Tambi\u00e9n deben trabajar los dependientes de las llamadas \u201ctiendas de conveniencia\u201d adosadas a los servicentros si venden alimentos preparados all\u00ed mismo.<\/p>\n\n\n\n<p style=\"font-size:17px\">Como compensaci\u00f3n, desde 2016 est\u00e1 vigente una norma que se\u00f1ala que los trabajadores que est\u00e9n exceptuados del feriado obligatorio e irrenunciable \u2013esta vez del 25 de diciembre y 1 de enero- s\u00ed tendr\u00e1n derecho a tomar descanso a lo menos una vez cada dos a\u00f1os si contin\u00faan contratados por el mismo empleador, pudiendo pactar con \u00e9l la rotaci\u00f3n del personal necesaria para este fin. Por ejemplo, si un trabajador labor\u00f3 el 25 de diciembre del 2020 y\/o 1 de enero de 2021 y contin\u00faa trabajando para el mismo empleador, esta vez deber\u00e1 descansar.<\/p>\n\n\n\n<p style=\"font-size:17px\"><strong>Horarios en d\u00edas previos a Navidad<\/strong><\/p>\n\n\n\n<p style=\"font-size:17px\">La normativa indica que el empleador puede disponer unilateralmente de la prolongaci\u00f3n de la jornada de trabajo de los trabajadores del comercio hasta en dos horas diarias durante 9 de los 15 d\u00edas anteriores al 24 de diciembre.<\/p>\n\n\n\n<p style=\"font-size:17px\">Del 10 al 23 de diciembre ning\u00fan trabajador del comercio deber\u00e1 trabajar m\u00e1s all\u00e1 de las 23 horas. El d\u00eda 24 de diciembre s\u00f3lo podr\u00e1 trabajar hasta las 20:00 horas.<\/p>\n\n\n\n<p style=\"font-size:17px\">Estos l\u00edmites horarios son inamovibles.<\/p>\n","protected":false},"excerpt":{"rendered":"<p>La Direcci\u00f3n del Trabajo inform\u00f3 sobre el funcionamiento del comercio durante los feriados obligatorios e irrenunciables de Navidad y A\u00f1o Nuevo, 25 de diciembre y 1 de enero, respectivamente. Los trabajadores del comercio tendr\u00e1n que estar fuera de su lugar de trabajo a las 20:00 horas del viernes 24 de diciembre y hasta las 06:00&#8230;<a class=\"btnReadMore\" href=\"https:\/\/www.semanariolocal.cl\/?p=3691\"> Leer M\u00e1s<\/a><\/p>\n","protected":false},"author":1,"featured_media":3692,"comment_status":"closed","ping_status":"closed","sticky":false,"template":"","format":"standard","meta":{"footnotes":""},"categories":[3],"tags":[],"class_list":["post-3691","post","type-post","status-publish","format-standard","has-post-thumbnail","hentry","category-al-dia"],"_links":{"self":[{"href":"https:\/\/www.semanariolocal.cl\/index.php?rest_route=\/wp\/v2\/posts\/3691","targetHints":{"allow":["GET"]}}],"collection":[{"href":"https:\/\/www.semanariolocal.cl\/index.php?rest_route=\/wp\/v2\/posts"}],"about":[{"href":"https:\/\/www.semanariolocal.cl\/index.php?rest_route=\/wp\/v2\/types\/post"}],"author":[{"embeddable":true,"href":"https:\/\/www.semanariolocal.cl\/index.php?rest_route=\/wp\/v2\/users\/1"}],"replies":[{"embeddable":true,"href":"https:\/\/www.semanariolocal.cl\/index.php?rest_route=%2Fwp%2Fv2%2Fcomments&post=3691"}],"version-history":[{"count":1,"href":"https:\/\/www.semanariolocal.cl\/index.php?rest_route=\/wp\/v2\/posts\/3691\/revisions"}],"predecessor-version":[{"id":3693,"href":"https:\/\/www.semanariolocal.cl\/index.php?rest_route=\/wp\/v2\/posts\/3691\/revisions\/3693"}],"wp:featuredmedia":[{"embeddable":true,"href":"https:\/\/www.semanariolocal.cl\/index.php?rest_route=\/wp\/v2\/media\/3692"}],"wp:attachment":[{"href":"https:\/\/www.semanariolocal.cl\/index.php?rest_route=%2Fwp%2Fv2%2Fmedia&parent=3691"}],"wp:term":[{"taxonomy":"category","embeddable":true,"href":"https:\/\/www.semanariolocal.cl\/index.php?rest_route=%2Fwp%2Fv2%2Fcategories&post=3691"},{"taxonomy":"post_tag","embeddable":true,"href":"https:\/\/www.semanariolocal.cl\/index.php?rest_route=%2Fwp%2Fv2%2Ftags&post=3691"}],"curies":[{"name":"wp","href":"https:\/\/api.w.org\/{rel}","templated":true}]}}