{"id":3688,"date":"2021-12-24T07:40:00","date_gmt":"2021-12-24T10:40:00","guid":{"rendered":"https:\/\/www.semanariolocal.cl\/?p=3688"},"modified":"2021-12-23T18:49:15","modified_gmt":"2021-12-23T21:49:15","slug":"sence-y-fiscalia-firman-convenio-para-capacitar-a-victimas-de-vif","status":"publish","type":"post","link":"https:\/\/www.semanariolocal.cl\/?p=3688","title":{"rendered":"Sence y fiscal\u00eda firman convenio para capacitar a v\u00edctimas de VIF"},"content":{"rendered":"\n<p style=\"font-size:17px\">En Puerto Montt, el director del Sence Regi\u00f3n de&nbsp;Los Lagos, Mauricio Toro y la Fiscal Regional, Carmen Gloria Wittwer firmaron un convenio de colaboraci\u00f3n, con el cual se facilita el acceso a&nbsp;capacitaci\u00f3n a personas vulnerables pertenecientes a la Unidad de V\u00edctimas y Testigos del Ministerio P\u00fablico, especialmente a mujeres que han sufrido violencia intrafamiliar. La idea es ayudarlas a mejorar la entrada al mundo laboral, para que se puedan independizar econ\u00f3micamente de sus victimarios.&nbsp;<\/p>\n\n\n\n<p style=\"font-size:17px\">El objetivo del convenio es establecer mecanismos de coordinaci\u00f3n en los diferentes niveles territoriales de ambas instituciones, para lograr la capacitaci\u00f3n de v\u00edctimas y testigos derivadas de la Fiscal\u00eda Regional. Por un lado, el Ministerio P\u00fablico toma conocimiento de los instrumentos y procedimientos y despu\u00e9s solicita formalmente los cursos de capacitaci\u00f3n de oficios. Por otro, Sence informa de los programas y sus&nbsp;requisitos,&nbsp;las comunas donde se realizar\u00e1n, los recursos de apoyo de emprendimiento,&nbsp;adem\u00e1s de&nbsp;&nbsp;gestionar si es necesario, la contrataci\u00f3n a trav\u00e9s de OTIC, de cursos de formaci\u00f3n&nbsp;continua.<\/p>\n\n\n\n<p style=\"font-size:17px\">Sobre el convenio, la Fiscal Regional, Carmen Gloria Wittwer expres\u00f3 que \u201cesta alianza entre Sence y el Ministerio P\u00fablico es muy importante, ya que est\u00e1 dirigida principalmente a mujeres v\u00edctimas de violencia de g\u00e9nero por parte de sus parejas. Los objetivos son muy claros, y se basan en que ellas, a trav\u00e9s de capacitaci\u00f3n y formaci\u00f3n laboral, logren tener una independencia econ\u00f3mica, que les permita no ser dependientes de sus agresores, lo que contribuye adem\u00e1s para que ellas contin\u00faen con los procesos penales en contra de los imputados por estos abusos, y se logren obtener las condenas respectivas por los delitos cometidos, que las afectan gravemente a ellas y sus familias.<\/p>\n\n\n\n<p style=\"font-size:17px\">El director Regional del Sence, Mauricio Toro manifest\u00f3 que \u201ccon en este convenio se ve el trabajo coordinado de ambos servicios, con tal de entregar el apoyo a las personas que sufren de violencia, especialmente mujeres. Nosotros articulamos nuestros distintos instrumentos que tenemos en nuestro Servicio, tales como capacitaciones y cursos. Queremos colaborar en que mujeres no sigan sufriendo violencia de g\u00e9nero y logren su independencia econ\u00f3mica y as\u00ed apoyar en mejorar sus expectativas\u201d. &nbsp;<\/p>\n\n\n\n<p style=\"font-size:17px\">Dentro de los beneficios de este convenio est\u00e1 que el Sence puede proveer, cuando corresponda, y con tal que\u00a0las v\u00edctimas de violencia de g\u00e9nero puedan realizar los cursos, un servicio de cuidado infantil para el resguardo de los ni\u00f1os\/as menores de seis a\u00f1os, bajo el cuidado de las participantes.<\/p>\n","protected":false},"excerpt":{"rendered":"<p>En Puerto Montt, el director del Sence Regi\u00f3n de&nbsp;Los Lagos, Mauricio Toro y la Fiscal Regional, Carmen Gloria Wittwer firmaron un convenio de colaboraci\u00f3n, con el cual se facilita el acceso a&nbsp;capacitaci\u00f3n a personas vulnerables pertenecientes a la Unidad de V\u00edctimas y Testigos del Ministerio P\u00fablico, especialmente a mujeres que han sufrido violencia intrafamiliar. La&#8230;<a class=\"btnReadMore\" href=\"https:\/\/www.semanariolocal.cl\/?p=3688\"> Leer M\u00e1s<\/a><\/p>\n","protected":false},"author":1,"featured_media":3689,"comment_status":"closed","ping_status":"closed","sticky":false,"template":"","format":"standard","meta":{"footnotes":""},"categories":[3],"tags":[],"class_list":["post-3688","post","type-post","status-publish","format-standard","has-post-thumbnail","hentry","category-al-dia"],"_links":{"self":[{"href":"https:\/\/www.semanariolocal.cl\/index.php?rest_route=\/wp\/v2\/posts\/3688","targetHints":{"allow":["GET"]}}],"collection":[{"href":"https:\/\/www.semanariolocal.cl\/index.php?rest_route=\/wp\/v2\/posts"}],"about":[{"href":"https:\/\/www.semanariolocal.cl\/index.php?rest_route=\/wp\/v2\/types\/post"}],"author":[{"embeddable":true,"href":"https:\/\/www.semanariolocal.cl\/index.php?rest_route=\/wp\/v2\/users\/1"}],"replies":[{"embeddable":true,"href":"https:\/\/www.semanariolocal.cl\/index.php?rest_route=%2Fwp%2Fv2%2Fcomments&post=3688"}],"version-history":[{"count":1,"href":"https:\/\/www.semanariolocal.cl\/index.php?rest_route=\/wp\/v2\/posts\/3688\/revisions"}],"predecessor-version":[{"id":3690,"href":"https:\/\/www.semanariolocal.cl\/index.php?rest_route=\/wp\/v2\/posts\/3688\/revisions\/3690"}],"wp:featuredmedia":[{"embeddable":true,"href":"https:\/\/www.semanariolocal.cl\/index.php?rest_route=\/wp\/v2\/media\/3689"}],"wp:attachment":[{"href":"https:\/\/www.semanariolocal.cl\/index.php?rest_route=%2Fwp%2Fv2%2Fmedia&parent=3688"}],"wp:term":[{"taxonomy":"category","embeddable":true,"href":"https:\/\/www.semanariolocal.cl\/index.php?rest_route=%2Fwp%2Fv2%2Fcategories&post=3688"},{"taxonomy":"post_tag","embeddable":true,"href":"https:\/\/www.semanariolocal.cl\/index.php?rest_route=%2Fwp%2Fv2%2Ftags&post=3688"}],"curies":[{"name":"wp","href":"https:\/\/api.w.org\/{rel}","templated":true}]}}