{"id":3683,"date":"2021-12-24T08:06:00","date_gmt":"2021-12-24T11:06:00","guid":{"rendered":"https:\/\/www.semanariolocal.cl\/?p=3683"},"modified":"2021-12-23T18:29:46","modified_gmt":"2021-12-23T21:29:46","slug":"diputado-schilling-ps-entrego-respaldo-a-proyecto-de-pension-garantizada-universal","status":"publish","type":"post","link":"https:\/\/www.semanariolocal.cl\/?p=3683","title":{"rendered":"Diputado Schilling (PS) entreg\u00f3 respaldo a  proyecto de Pensi\u00f3n Garantizada Universal"},"content":{"rendered":"\n<p style=\"font-size:17px\">El diputado Socialista, Marcelo Schilling, declar\u00f3 que luego de\u00a0ser aprobadas todas las indicaciones del Ejecutivo, \u00abel\u00a0proyecto sobre PGU merece el apoyo de todo el Parlamento, porque va a resolver un problema urgente, una necesidad vital de m\u00e1s de 2 millones 200 mil personas, que est\u00e1n muy necesitadas de estos ingresos adicionales\u00bb.<\/p>\n\n\n\n<p style=\"font-size:17px\">El legislador PS destac\u00f3 que \u00abadem\u00e1s de saludar este beneficio, hay que saludar tambi\u00e9n el cambio de criterio del Gobierno y la victoria del pensamiento cultural que dice que los derechos son universales y garantizados.\u00a0Es una buena noticia que el Gobierno y la derecha hayan\u00a0abandonado la focalizaci\u00f3n y ahora piensen c\u00f3mo la izquierda\u00bb.<\/p>\n\n\n\n<p style=\"font-size:17px\">Respecto del tema del financiamiento, el diputado Schilling coment\u00f3 que \u00absolo quedaron algunas dudas, sobre el tema del financiamiento, tema que seguir\u00e1 siendo analizado por la Comisi\u00f3n de Hacienda.\u00a0\u00abHay\u00a0algunas preguntas que el Gobierno debe responder y nuestra opini\u00f3n como Bancada Socialista es que independiente de que existan dudas, este tema debe avanzar r\u00e1pido\u00bb.<\/p>\n\n\n\n<p style=\"font-size:17px\">Finalmente, el diputado >marcelo Schilling a\u00f1adi\u00f3 que \u00abas\u00ed como el Gobierno y la derecha abandonaron el concepto de focalizaci\u00f3n, nosotros tambi\u00e9n hemos hecho una concesi\u00f3n. Aceptamos que los primeros tres meses del pago del nuevo beneficio se hagan a trav\u00e9s, en el caso que sea necesario, de las AFP o las aseguradoras, de modo que les llegue oportunamente tambi\u00e9n, a quienes no est\u00e1n registrados en el Instituto de Previsi\u00f3n Social\u00bb, que es por donde a futuro se realizar\u00e1 el pago.<\/p>\n","protected":false},"excerpt":{"rendered":"<p>El legislador realiz\u00f3 estas declaraciones, luego de que la Comisi\u00f3n de Hacienda, de la C\u00e1mara de Diputados y Diputadas, la cual integra, aprob\u00f3, este mi\u00e9rcoles, todas las indicaciones ingresadas por el Ejecutivo, al proyecto que este mismo impuls\u00f3 y que crea una Pensi\u00f3n Garantizada Universal (PGS), que entrega un monto m\u00e1ximo de $185.000 <\/p>\n","protected":false},"author":1,"featured_media":3686,"comment_status":"closed","ping_status":"closed","sticky":false,"template":"","format":"standard","meta":{"footnotes":""},"categories":[3],"tags":[],"class_list":["post-3683","post","type-post","status-publish","format-standard","has-post-thumbnail","hentry","category-al-dia"],"_links":{"self":[{"href":"https:\/\/www.semanariolocal.cl\/index.php?rest_route=\/wp\/v2\/posts\/3683","targetHints":{"allow":["GET"]}}],"collection":[{"href":"https:\/\/www.semanariolocal.cl\/index.php?rest_route=\/wp\/v2\/posts"}],"about":[{"href":"https:\/\/www.semanariolocal.cl\/index.php?rest_route=\/wp\/v2\/types\/post"}],"author":[{"embeddable":true,"href":"https:\/\/www.semanariolocal.cl\/index.php?rest_route=\/wp\/v2\/users\/1"}],"replies":[{"embeddable":true,"href":"https:\/\/www.semanariolocal.cl\/index.php?rest_route=%2Fwp%2Fv2%2Fcomments&post=3683"}],"version-history":[{"count":1,"href":"https:\/\/www.semanariolocal.cl\/index.php?rest_route=\/wp\/v2\/posts\/3683\/revisions"}],"predecessor-version":[{"id":3687,"href":"https:\/\/www.semanariolocal.cl\/index.php?rest_route=\/wp\/v2\/posts\/3683\/revisions\/3687"}],"wp:featuredmedia":[{"embeddable":true,"href":"https:\/\/www.semanariolocal.cl\/index.php?rest_route=\/wp\/v2\/media\/3686"}],"wp:attachment":[{"href":"https:\/\/www.semanariolocal.cl\/index.php?rest_route=%2Fwp%2Fv2%2Fmedia&parent=3683"}],"wp:term":[{"taxonomy":"category","embeddable":true,"href":"https:\/\/www.semanariolocal.cl\/index.php?rest_route=%2Fwp%2Fv2%2Fcategories&post=3683"},{"taxonomy":"post_tag","embeddable":true,"href":"https:\/\/www.semanariolocal.cl\/index.php?rest_route=%2Fwp%2Fv2%2Ftags&post=3683"}],"curies":[{"name":"wp","href":"https:\/\/api.w.org\/{rel}","templated":true}]}}