{"id":3682,"date":"2021-12-24T07:30:00","date_gmt":"2021-12-24T10:30:00","guid":{"rendered":"https:\/\/www.semanariolocal.cl\/?p=3682"},"modified":"2021-12-23T17:07:32","modified_gmt":"2021-12-23T20:07:32","slug":"gore-de-los-lagos-presenta-nuevo-portal-de-transparencia-en-alianza-con-el-cplt","status":"publish","type":"post","link":"https:\/\/www.semanariolocal.cl\/?p=3682","title":{"rendered":"Gore de Los Lagos presenta nuevo portal de Transparencia en alianza con el CPLT"},"content":{"rendered":"\n<p style=\"font-size:17px\">El Gobierno Regional de Los Lagos dispone de un nuevo portal de transparencia gracias a un convenio firmado con el Consejo para la Transparencia que garantiza el derecho de acceso a la informaci\u00f3n p\u00fablica y transparencia activa, la probidad, la participaci\u00f3n ciudadana, estrategias de gobierno abierto, la ley del lobby, entre otras, as\u00ed como tambi\u00e9n, desarrollar otros \u00e1mbitos de mutuo inter\u00e9s que en el futuro se convengan entre las partes.<\/p>\n\n\n\n<p style=\"font-size:17px\">Se trata de un convenio de colaboraci\u00f3n firmado entre el gobernador regional, Patricio Vallespin, y la presidenta del Consejo para la Transparencia (CPLT), Gloria de la Fuente, quien destac\u00f3 que la idea de esta iniciativa es fomentar en las autoridades y sus administraciones la transparencia proactiva, particularmente a nivel regional y comunal, un trabajo que el CPLT ha desarrollado a nivel municipal desde hace varios a\u00f1os. Ahora, detall\u00f3, \u201chemos iniciado un trabajo con todos los gobernadores regionales a trav\u00e9s de un programa de apoyo integral\u201d.<\/p>\n\n\n\n<p style=\"font-size:17px\">El acuerdo incluy\u00f3 desarrollar en conjunto todas las acciones necesarias y conducentes para que el Gobierno Regional implemente y utilice el Portal de Transparencia del Estado de Chile, ofrecido por el Consejo, como una herramienta para dar cumplimiento a las normas de la Ley de Transparencia, tanto en materia de solicitudes de acceso a la informaci\u00f3n, como en lo relacionado con el cumplimiento de las obligaciones sobre transparencia activa.<\/p>\n\n\n\n<p style=\"font-size:17px\">Adem\u00e1s, las partes podr\u00e1n trabajar en conjunto cualquier otra materia que, por mandato legal o reglamentario, sean de su competencia, en el marco de los principios de coordinaci\u00f3n y eficiencia que deben regir a los servicios p\u00fablicos. El convenio incluy\u00f3 capacitaciones y talleres a los funcionarios del Gobierno Regional en materias relacionadas con transparencia, acceso a la informaci\u00f3n p\u00fablica, protecci\u00f3n de datos personales, prevenci\u00f3n de la corrupci\u00f3n, ley del Lobby, entre otras.<\/p>\n","protected":false},"excerpt":{"rendered":"<p>El Gobierno Regional de Los Lagos dispone de un nuevo portal de transparencia gracias a un convenio firmado con el Consejo para la Transparencia que garantiza el derecho de acceso a la informaci\u00f3n p\u00fablica y transparencia activa, la probidad, la participaci\u00f3n ciudadana, estrategias de gobierno abierto, la ley del lobby, entre otras, as\u00ed como tambi\u00e9n,&#8230;<a class=\"btnReadMore\" href=\"https:\/\/www.semanariolocal.cl\/?p=3682\"> Leer M\u00e1s<\/a><\/p>\n","protected":false},"author":1,"featured_media":3684,"comment_status":"closed","ping_status":"closed","sticky":false,"template":"","format":"standard","meta":{"footnotes":""},"categories":[3],"tags":[],"class_list":["post-3682","post","type-post","status-publish","format-standard","has-post-thumbnail","hentry","category-al-dia"],"_links":{"self":[{"href":"https:\/\/www.semanariolocal.cl\/index.php?rest_route=\/wp\/v2\/posts\/3682","targetHints":{"allow":["GET"]}}],"collection":[{"href":"https:\/\/www.semanariolocal.cl\/index.php?rest_route=\/wp\/v2\/posts"}],"about":[{"href":"https:\/\/www.semanariolocal.cl\/index.php?rest_route=\/wp\/v2\/types\/post"}],"author":[{"embeddable":true,"href":"https:\/\/www.semanariolocal.cl\/index.php?rest_route=\/wp\/v2\/users\/1"}],"replies":[{"embeddable":true,"href":"https:\/\/www.semanariolocal.cl\/index.php?rest_route=%2Fwp%2Fv2%2Fcomments&post=3682"}],"version-history":[{"count":1,"href":"https:\/\/www.semanariolocal.cl\/index.php?rest_route=\/wp\/v2\/posts\/3682\/revisions"}],"predecessor-version":[{"id":3685,"href":"https:\/\/www.semanariolocal.cl\/index.php?rest_route=\/wp\/v2\/posts\/3682\/revisions\/3685"}],"wp:featuredmedia":[{"embeddable":true,"href":"https:\/\/www.semanariolocal.cl\/index.php?rest_route=\/wp\/v2\/media\/3684"}],"wp:attachment":[{"href":"https:\/\/www.semanariolocal.cl\/index.php?rest_route=%2Fwp%2Fv2%2Fmedia&parent=3682"}],"wp:term":[{"taxonomy":"category","embeddable":true,"href":"https:\/\/www.semanariolocal.cl\/index.php?rest_route=%2Fwp%2Fv2%2Fcategories&post=3682"},{"taxonomy":"post_tag","embeddable":true,"href":"https:\/\/www.semanariolocal.cl\/index.php?rest_route=%2Fwp%2Fv2%2Ftags&post=3682"}],"curies":[{"name":"wp","href":"https:\/\/api.w.org\/{rel}","templated":true}]}}