{"id":3675,"date":"2021-12-24T07:35:00","date_gmt":"2021-12-24T10:35:00","guid":{"rendered":"https:\/\/www.semanariolocal.cl\/?p=3675"},"modified":"2021-12-23T14:49:45","modified_gmt":"2021-12-23T17:49:45","slug":"radiografia-de-vacaciones-mas-del-50-de-trabajadores-no-ha-tomado-vacaciones","status":"publish","type":"post","link":"https:\/\/www.semanariolocal.cl\/?p=3675","title":{"rendered":"Radiograf\u00eda de Vacaciones: M\u00e1s del 50% de trabajadores no ha tomado vacaciones"},"content":{"rendered":"\n<p style=\"font-size:17px\">La crisis econ\u00f3mica, la inseguridad laboral, el temor al contagio del coronavirus y sus diferentes variantes; adem\u00e1s de las exigencias de la autoridad sanitaria en t\u00e9rminos de aforo y transportes, son parte de las m\u00faltiples variables que influyeron en los planes de descanso de las personas el verano pasado. Para poder conocer y caracterizar c\u00f3mo abordar\u00e1n este nuevo periodo estival, Mutual de Seguridad realiz\u00f3 por segunda vez la \u201cRadiograf\u00eda de las Vacaciones\u201d, estudio que revela los principales desaf\u00edos, preocupaciones, estados de \u00e1nimo y expectativas del descanso de los trabajadores del pa\u00eds.<\/p>\n\n\n\n<p style=\"font-size:17px\">Dentro de los hallazgos m\u00e1s relevantes, se observ\u00f3 que m\u00e1s de la mitad de los trabajadores no se ha tomado vacaciones hace m\u00e1s de un a\u00f1o, e incluso un 21% no ha vacacionado desde hace 2 a\u00f1os o m\u00e1s. Este porcentaje sube en el caso de las mujeres a 25%. Adem\u00e1s, entre trabajadores mayores de 45 a\u00f1os, el n\u00famero alcanza un 30%. Por otra parte, 57% de los trabajadores tiene d\u00edas acumulados de per\u00edodos anteriores. &nbsp;<\/p>\n\n\n\n<p style=\"font-size:17px\">La proyecci\u00f3n para 2022 es diferente: el 60% tiene contemplado tomarse vacaciones. En este grupo,un67% cree que lo m\u00e1s probable es que realice alg\u00fan viaje durante la \u00e9poca estival. El resto, todav\u00eda no est\u00e1 seguro de viajar (27,3%) y otro grupo menor se quedar\u00e1 en casa (5,7%). Pese a que la posibilidad de contagio sigue presente, la mayor\u00eda de las personas (65%) solo siente un temor leve de enfermarse. Dentro de los aspectos que ayudar\u00edan a las personas a sentirse seguros en vacaciones encontramos en primer lugar, el programa de vacunaci\u00f3n con las 3 dosis de la vacuna COVID-19 (50% le atribuye el menor temor). Un segundo factor es el moverse dentro de Chile (45%) y una tercera explicaci\u00f3n es que lo har\u00e1 en auto propio (42%).<\/p>\n\n\n\n<figure class=\"wp-block-image size-full\"><img loading=\"lazy\" decoding=\"async\" width=\"842\" height=\"431\" src=\"https:\/\/www.semanariolocal.cl\/wp-content\/uploads\/2021\/12\/graf01.jpg\" alt=\"\" class=\"wp-image-3676\" srcset=\"https:\/\/www.semanariolocal.cl\/wp-content\/uploads\/2021\/12\/graf01.jpg 842w, https:\/\/www.semanariolocal.cl\/wp-content\/uploads\/2021\/12\/graf01-300x154.jpg 300w, https:\/\/www.semanariolocal.cl\/wp-content\/uploads\/2021\/12\/graf01-768x393.jpg 768w\" sizes=\"auto, (max-width: 842px) 100vw, 842px\" \/><\/figure>\n\n\n\n<figure class=\"wp-block-image size-full\"><img loading=\"lazy\" decoding=\"async\" width=\"692\" height=\"454\" src=\"https:\/\/www.semanariolocal.cl\/wp-content\/uploads\/2021\/12\/graf2.jpg\" alt=\"\" class=\"wp-image-3677\" srcset=\"https:\/\/www.semanariolocal.cl\/wp-content\/uploads\/2021\/12\/graf2.jpg 692w, https:\/\/www.semanariolocal.cl\/wp-content\/uploads\/2021\/12\/graf2-300x197.jpg 300w\" sizes=\"auto, (max-width: 692px) 100vw, 692px\" \/><\/figure>\n\n\n\n<p style=\"font-size:17px\">El largo per\u00edodo en que los trabajadores no han tomado vacaciones tiene tambi\u00e9n una explicaci\u00f3n adicional a la pandemia: el exceso de trabajo. En paralelo, la sensaci\u00f3n de estabilidad laborar est\u00e1 dividida: 50% siente alg\u00fan grado de temor a perder sus empleos. En este contexto, el 49,9% de los encuestados se siente m\u00e1s cansado que el a\u00f1o pasado en esta misma fecha;mientras que el 68% de las personas cree que necesita vacaciones con mucha m\u00e1s urgencia que en per\u00edodos anteriores.<\/p>\n\n\n\n<figure class=\"wp-block-image size-full\"><img loading=\"lazy\" decoding=\"async\" width=\"594\" height=\"327\" src=\"https:\/\/www.semanariolocal.cl\/wp-content\/uploads\/2021\/12\/graf3.jpg\" alt=\"\" class=\"wp-image-3678\" srcset=\"https:\/\/www.semanariolocal.cl\/wp-content\/uploads\/2021\/12\/graf3.jpg 594w, https:\/\/www.semanariolocal.cl\/wp-content\/uploads\/2021\/12\/graf3-300x165.jpg 300w\" sizes=\"auto, (max-width: 594px) 100vw, 594px\" \/><\/figure>\n\n\n\n<p style=\"font-size:17px\">\u201cHoy se hace m\u00e1s necesario a\u00fan que los trabajadores tomen vacaciones, ya que en caso contrario su salud f\u00edsica y mental, adem\u00e1s del rendimiento Socio-laboral, pueden verse afectados. Por ello, tomar unos d\u00edas libres permitir\u00e1 volver a conectarse con uno mismo, disfrutar con la familia y amigos, adem\u00e1s de descansar la mente y relajarse, para volver al trabajo recargado de energ\u00edas\u201d, explica Ignacio Puebla, psic\u00f3logo y jefe del departamento de Factores Humanos y Organizacionales de Mutual de Seguridad.<\/p>\n\n\n\n<p style=\"font-size:17px\"><strong>Vacaciones se esperan con anhelo<\/strong><\/p>\n\n\n\n<p style=\"font-size:17px\">La pandemia ha hecho revalorizar las actividades de distensi\u00f3n y socializaci\u00f3n. De acuerdo con el estudio de Mutual de Seguridad, actividades tales como visitar a la familia (50%), acudir a restaurantes (47%) o pasar el tiempo con amigos (47%) son parte de los panoramas que se han echado de menos y que se espera realizar con m\u00e1s frecuencia.<\/p>\n\n\n\n<figure class=\"wp-block-image size-full\"><img loading=\"lazy\" decoding=\"async\" width=\"594\" height=\"324\" src=\"https:\/\/www.semanariolocal.cl\/wp-content\/uploads\/2021\/12\/graf4.jpg\" alt=\"\" class=\"wp-image-3679\" srcset=\"https:\/\/www.semanariolocal.cl\/wp-content\/uploads\/2021\/12\/graf4.jpg 594w, https:\/\/www.semanariolocal.cl\/wp-content\/uploads\/2021\/12\/graf4-300x164.jpg 300w\" sizes=\"auto, (max-width: 594px) 100vw, 594px\" \/><\/figure>\n\n\n\n<p style=\"font-size:17px\">El largo per\u00edodo sin vacaciones ha hecho que los trabajadores las echen de menos. El 62% las extra\u00f1a y las asocia a emociones positivas, tales como la alegr\u00eda, el optimismo y la sensaci\u00f3n de aumento de energ\u00eda (79%).<\/p>\n\n\n\n<p style=\"font-size:17px\">En l\u00ednea con las recomendaciones de expertos para obtener un impacto positivo de la pausa laboral, 55% de los encuestados prefiere vacaciones largas, aunque est\u00e9n distanciadas. Sin embargo, el 45% opta por vacaciones m\u00e1s breves, pero m\u00e1s frecuentes.<\/p>\n","protected":false},"excerpt":{"rendered":"<p>\u25cf\tDe acuerdo a la segunda edici\u00f3n del estudio realizado por Mutual de Seguridad, donde participaron 352 trabajadores y trabajadoras con contrato formal, la gran mayor\u00eda de las personas ha postergado sus vacaciones debido a factores econ\u00f3micos, la pandemia y las restricciones de la autoridad para viajar. Un 21% de los encuestados incluso, no toma vacaciones desde hace m\u00e1s de 2 a\u00f1os, cifra que sube en el caso de las mujeres a 25%. Adem\u00e1s, el 49,9% se siente m\u00e1s cansado que el a\u00f1o pasado en esta misma fecha; mientras que el 68% de las personas cree que necesita vacaciones con mucha m\u00e1s urgencia que en per\u00edodos anteriores.<\/p>\n","protected":false},"author":1,"featured_media":3680,"comment_status":"closed","ping_status":"closed","sticky":false,"template":"","format":"standard","meta":{"footnotes":""},"categories":[4],"tags":[],"class_list":["post-3675","post","type-post","status-publish","format-standard","has-post-thumbnail","hentry","category-reportajes"],"_links":{"self":[{"href":"https:\/\/www.semanariolocal.cl\/index.php?rest_route=\/wp\/v2\/posts\/3675","targetHints":{"allow":["GET"]}}],"collection":[{"href":"https:\/\/www.semanariolocal.cl\/index.php?rest_route=\/wp\/v2\/posts"}],"about":[{"href":"https:\/\/www.semanariolocal.cl\/index.php?rest_route=\/wp\/v2\/types\/post"}],"author":[{"embeddable":true,"href":"https:\/\/www.semanariolocal.cl\/index.php?rest_route=\/wp\/v2\/users\/1"}],"replies":[{"embeddable":true,"href":"https:\/\/www.semanariolocal.cl\/index.php?rest_route=%2Fwp%2Fv2%2Fcomments&post=3675"}],"version-history":[{"count":1,"href":"https:\/\/www.semanariolocal.cl\/index.php?rest_route=\/wp\/v2\/posts\/3675\/revisions"}],"predecessor-version":[{"id":3681,"href":"https:\/\/www.semanariolocal.cl\/index.php?rest_route=\/wp\/v2\/posts\/3675\/revisions\/3681"}],"wp:featuredmedia":[{"embeddable":true,"href":"https:\/\/www.semanariolocal.cl\/index.php?rest_route=\/wp\/v2\/media\/3680"}],"wp:attachment":[{"href":"https:\/\/www.semanariolocal.cl\/index.php?rest_route=%2Fwp%2Fv2%2Fmedia&parent=3675"}],"wp:term":[{"taxonomy":"category","embeddable":true,"href":"https:\/\/www.semanariolocal.cl\/index.php?rest_route=%2Fwp%2Fv2%2Fcategories&post=3675"},{"taxonomy":"post_tag","embeddable":true,"href":"https:\/\/www.semanariolocal.cl\/index.php?rest_route=%2Fwp%2Fv2%2Ftags&post=3675"}],"curies":[{"name":"wp","href":"https:\/\/api.w.org\/{rel}","templated":true}]}}