{"id":3672,"date":"2021-12-23T10:34:00","date_gmt":"2021-12-23T13:34:00","guid":{"rendered":"https:\/\/www.semanariolocal.cl\/?p=3672"},"modified":"2021-12-23T14:37:10","modified_gmt":"2021-12-23T17:37:10","slug":"40-camiones-aljibes-distribuiran-agua-durante-la-temporada-estival-en-la-region","status":"publish","type":"post","link":"https:\/\/www.semanariolocal.cl\/?p=3672","title":{"rendered":"40 camiones aljibes distribuir\u00e1n agua durante la temporada estival en la regi\u00f3n"},"content":{"rendered":"\n<p style=\"font-size:17px\">El Delegado Presidencial Regional Carlos Geisse, &nbsp;anunci\u00f3 que se iniciar\u00e1 la entrega de agua potable mediante camiones aljibes a 19 comunas de la regi\u00f3n, lo que se traduce en un beneficio para cerca de 15 mil personas principalmente de comunas rurales y zonas apartadas.<\/p>\n\n\n\n<p style=\"font-size:17px\">\u201cCon los antecedentes solicitados a los municipios para camiones aljibes producto de la falta de agua especialmente para los residentes en comunas rurales de nuestra regi\u00f3n, se pudo lograr los recursos necesarios para poder financiar los camiones aljibes y una lancha para 7 comunas en la provincia de Chilo\u00e9; 5 en la provincia de Osorno; 5 en Llanquihue y 2 en la provincia de Palena. Esto viene a beneficiar a cerca de 15 mil personas que viven en el mundo rural\u201d manifest\u00f3 el Delegado Presidencial Regional Carlos Geisse<\/p>\n\n\n\n<p style=\"font-size:17px\">Asimismo, &nbsp;a\u00f1adi\u00f3 que \u201chay que recordar que esta soluci\u00f3n es una soluci\u00f3n de emergencia porque&nbsp; la soluci\u00f3n definitiva que deben trabajar los municipios es a trav\u00e9s de proyectos del Sistema Sanitario Rural, los ex APR los que deben ser presentados para su financiamiento al Gobierno Regional o la Subdere con indicaci\u00f3n de MIDESO para poder ser financiado y licitados en definitiva por la Direcci\u00f3n de Obras Hidr\u00e1ulicas\u201d.<\/p>\n\n\n\n<p style=\"font-size:17px\">De esta forma, se destinar\u00e1n 39 camiones aljibes y una lancha aljibe &nbsp;para la Isla Desertores en la comuna de Chait\u00e9n con una inversi\u00f3n que alcanzar\u00e1 cerca de 450 millones de pesos para los 3 primeros meses del a\u00f1o.<\/p>\n\n\n\n<p style=\"font-size:17px\">Total personas beneficiadas en la regi\u00f3n: 14.850<\/p>\n\n\n\n<figure class=\"wp-block-table is-style-stripes\"><table><tbody><tr><td>I TRIMESTRE 2022<\/td><td><strong>Regi\u00f3n<\/strong><strong><\/strong><\/td><td><strong>Provincia<\/strong><strong><\/strong><\/td><td><strong>Comuna<\/strong><strong><\/strong><\/td><td><strong>Cantidad Camiones<\/strong><strong><\/strong><\/td><\/tr><tr><td>Los Lagos<\/td><td>Chilo\u00e9<\/td><td>Ancud<\/td><td>5<\/td><\/tr><tr><td>Quemchi<\/td><td>3<\/td><\/tr><tr><td>Quinchao<\/td><td>1<\/td><\/tr><tr><td>Chonchi<\/td><td>2<\/td><\/tr><tr><td>Puqueld\u00f3n<\/td><td>1<\/td><\/tr><tr><td>Queilen<\/td><td>1<\/td><\/tr><tr><td>Quell\u00f3n<\/td><td>3<\/td><\/tr><tr><td>Osorno<\/td><td>San Pablo<\/td><td>1<\/td><\/tr><tr><td>San Juan de la Costa<\/td><td>5<\/td><\/tr><tr><td>Rio Negro<\/td><td>3<\/td><\/tr><tr><td>Puyehue<\/td><td>1<\/td><\/tr><tr><td>Purranque<\/td><td>3<\/td><\/tr><tr><td>Llanquihue<\/td><td>Fresia<\/td><td>1<\/td><\/tr><tr><td>Calbuco<\/td><td>1<\/td><\/tr><tr><td>Puerto Varas<\/td><td>1<\/td><\/tr><tr><td>Puerto Montt<\/td><td>5<\/td><\/tr><tr><td>Maull\u00edn<\/td><td>1<\/td><\/tr><tr><td>Palena<\/td><td>Hualaihu\u00e9<\/td><td>1<\/td><\/tr><tr><td>Chait\u00e9n (Islas Desertores)<\/td><td>1<\/td><\/tr><tr><td><\/td><td><\/td><td><\/td><td><\/td><td><\/td><\/tr><tr><td><\/td><td><strong><em>* Chait\u00e9n: Lancha aljibe<\/em><\/strong><\/td><td><strong>TOTAL<\/strong><strong><\/strong><\/td><td><strong>40<\/strong><strong><\/strong><\/td><\/tr><\/tbody><\/table><\/figure>\n","protected":false},"excerpt":{"rendered":"<p>La medida financiada a trav\u00e9s de la unidad de Gesti\u00f3n de Riesgo y Emergencias de la subsecretar\u00eda de Interior,  aprob\u00f3 cerca de 450 millones de pesos para el arriendo de camiones aljibes destinados a llegar con el vital elemento hasta las zonas de inaccesibilidad al agua potable de 19 comunas de la regi\u00f3n.<\/p>\n","protected":false},"author":1,"featured_media":3673,"comment_status":"closed","ping_status":"closed","sticky":false,"template":"","format":"standard","meta":{"footnotes":""},"categories":[20,3],"tags":[],"class_list":["post-3672","post","type-post","status-publish","format-standard","has-post-thumbnail","hentry","category-agro","category-al-dia"],"_links":{"self":[{"href":"https:\/\/www.semanariolocal.cl\/index.php?rest_route=\/wp\/v2\/posts\/3672","targetHints":{"allow":["GET"]}}],"collection":[{"href":"https:\/\/www.semanariolocal.cl\/index.php?rest_route=\/wp\/v2\/posts"}],"about":[{"href":"https:\/\/www.semanariolocal.cl\/index.php?rest_route=\/wp\/v2\/types\/post"}],"author":[{"embeddable":true,"href":"https:\/\/www.semanariolocal.cl\/index.php?rest_route=\/wp\/v2\/users\/1"}],"replies":[{"embeddable":true,"href":"https:\/\/www.semanariolocal.cl\/index.php?rest_route=%2Fwp%2Fv2%2Fcomments&post=3672"}],"version-history":[{"count":1,"href":"https:\/\/www.semanariolocal.cl\/index.php?rest_route=\/wp\/v2\/posts\/3672\/revisions"}],"predecessor-version":[{"id":3674,"href":"https:\/\/www.semanariolocal.cl\/index.php?rest_route=\/wp\/v2\/posts\/3672\/revisions\/3674"}],"wp:featuredmedia":[{"embeddable":true,"href":"https:\/\/www.semanariolocal.cl\/index.php?rest_route=\/wp\/v2\/media\/3673"}],"wp:attachment":[{"href":"https:\/\/www.semanariolocal.cl\/index.php?rest_route=%2Fwp%2Fv2%2Fmedia&parent=3672"}],"wp:term":[{"taxonomy":"category","embeddable":true,"href":"https:\/\/www.semanariolocal.cl\/index.php?rest_route=%2Fwp%2Fv2%2Fcategories&post=3672"},{"taxonomy":"post_tag","embeddable":true,"href":"https:\/\/www.semanariolocal.cl\/index.php?rest_route=%2Fwp%2Fv2%2Ftags&post=3672"}],"curies":[{"name":"wp","href":"https:\/\/api.w.org\/{rel}","templated":true}]}}