{"id":3669,"date":"2021-12-23T14:29:55","date_gmt":"2021-12-23T17:29:55","guid":{"rendered":"https:\/\/www.semanariolocal.cl\/?p=3669"},"modified":"2021-12-23T14:29:55","modified_gmt":"2021-12-23T17:29:55","slug":"delitos-en-chile-las-5-comunas-con-mayor-aumento-en-tasa-de-homicidios","status":"publish","type":"post","link":"https:\/\/www.semanariolocal.cl\/?p=3669","title":{"rendered":"Delitos en Chile: las 5 comunas con mayor aumento en  tasa de homicidios"},"content":{"rendered":"\n<p style=\"font-size:17px\">En Chile, los denominados Delitos de Mayor Connotaci\u00f3n Social (DMCS) corresponden a homicidios, lesiones, violaci\u00f3n, robo con fuerza y robo con violencia. Tambi\u00e9n incluye otros delitos como hurto, infracciones a la ley de drogas y violencia intrafamiliar.&nbsp;<\/p>\n\n\n\n<p style=\"font-size:17px\">De acuerdo a la observaci\u00f3n realizada por <a href=\"https:\/\/www.dataintelligence-group.com\/\" target=\"_blank\" rel=\"noreferrer noopener\">Data Intelligence<\/a> la cantidad de homicidios va en aumento desde el a\u00f1o 2016. Para ese a\u00f1o la frecuencia fue de 1.266 y durante el 2020, se apreci\u00f3 la frecuencia m\u00e1s alta con 1.771 homicidios.&nbsp;<\/p>\n\n\n\n<p style=\"font-size:17px\">Tambi\u00e9n se observa que la tasa por 100 mil habitantes se dispar\u00f3 en el 2012 y el 2018 en el pa\u00eds. Sobre esto, se debe destacar que Constituci\u00f3n, Hualp\u00e9n, Pe\u00f1aflor, La Serena y Los \u00c1ngeles est\u00e1n entre las comunas que han tenido una mayor variaci\u00f3n de casos policiales de homicidios entre los a\u00f1os 2019 y 2020.<\/p>\n\n\n\n<p style=\"font-size:17px\"><a href=\"https:\/\/www.dataintelligence-group.com\/data\/visualizador\/7\">https:\/\/www.dataintelligence-group.com\/data\/visualizador\/7<\/a><\/p>\n\n\n\n<p style=\"font-size:17px\"><strong>Variaci\u00f3n de Frecuencias de Casos policiales del 2019- 2020<\/strong><\/p>\n\n\n\n<p style=\"font-size:17px\">Siguiendo con los delitos violentos, durante el a\u00f1o 2020, <strong>la cantidad de denuncias por violaci\u00f3n fue 8,42 veces m\u00e1s alta que la cantidad de detenciones realizadas.&nbsp;<\/strong><\/p>\n\n\n\n<p style=\"font-size:17px\">Estos delitos tambi\u00e9n han ido en aumento desde el 2016 pero solo hasta el 2019, a\u00f1o donde se observan las cifras m\u00e1s altas para todo el periodo. La variaci\u00f3n en la frecuencia de este delito entre estos a\u00f1os fue del 34,26%.<\/p>\n\n\n\n<p style=\"font-size:17px\"><strong>Frecuencia tipos de delitos\u00a0<\/strong><\/p>\n\n\n\n<p style=\"font-size:17px\"><a href=\"https:\/\/www.dataintelligence-group.com\/data\/visualizador\/8\">https:\/\/www.dataintelligence-group.com\/data\/visualizador\/8<\/a><\/p>\n\n\n\n<p><\/p>\n","protected":false},"excerpt":{"rendered":"<p>Por su parte, el n\u00famero de denuncias en 2020 por delitos de violaci\u00f3n fue 8,42 veces m\u00e1s alta que la cantidad de detenciones realizadas. Estos il\u00edcitos tambi\u00e9n han ido en aumento, con un importante peak en el a\u00f1o 2019. <\/p>\n","protected":false},"author":1,"featured_media":3670,"comment_status":"closed","ping_status":"closed","sticky":false,"template":"","format":"standard","meta":{"footnotes":""},"categories":[4],"tags":[],"class_list":["post-3669","post","type-post","status-publish","format-standard","has-post-thumbnail","hentry","category-reportajes"],"_links":{"self":[{"href":"https:\/\/www.semanariolocal.cl\/index.php?rest_route=\/wp\/v2\/posts\/3669","targetHints":{"allow":["GET"]}}],"collection":[{"href":"https:\/\/www.semanariolocal.cl\/index.php?rest_route=\/wp\/v2\/posts"}],"about":[{"href":"https:\/\/www.semanariolocal.cl\/index.php?rest_route=\/wp\/v2\/types\/post"}],"author":[{"embeddable":true,"href":"https:\/\/www.semanariolocal.cl\/index.php?rest_route=\/wp\/v2\/users\/1"}],"replies":[{"embeddable":true,"href":"https:\/\/www.semanariolocal.cl\/index.php?rest_route=%2Fwp%2Fv2%2Fcomments&post=3669"}],"version-history":[{"count":1,"href":"https:\/\/www.semanariolocal.cl\/index.php?rest_route=\/wp\/v2\/posts\/3669\/revisions"}],"predecessor-version":[{"id":3671,"href":"https:\/\/www.semanariolocal.cl\/index.php?rest_route=\/wp\/v2\/posts\/3669\/revisions\/3671"}],"wp:featuredmedia":[{"embeddable":true,"href":"https:\/\/www.semanariolocal.cl\/index.php?rest_route=\/wp\/v2\/media\/3670"}],"wp:attachment":[{"href":"https:\/\/www.semanariolocal.cl\/index.php?rest_route=%2Fwp%2Fv2%2Fmedia&parent=3669"}],"wp:term":[{"taxonomy":"category","embeddable":true,"href":"https:\/\/www.semanariolocal.cl\/index.php?rest_route=%2Fwp%2Fv2%2Fcategories&post=3669"},{"taxonomy":"post_tag","embeddable":true,"href":"https:\/\/www.semanariolocal.cl\/index.php?rest_route=%2Fwp%2Fv2%2Ftags&post=3669"}],"curies":[{"name":"wp","href":"https:\/\/api.w.org\/{rel}","templated":true}]}}