{"id":3666,"date":"2021-12-23T07:19:00","date_gmt":"2021-12-23T10:19:00","guid":{"rendered":"https:\/\/www.semanariolocal.cl\/?p=3666"},"modified":"2021-12-23T14:23:45","modified_gmt":"2021-12-23T17:23:45","slug":"sag-monitorea-sanidad-de-especies-frutales-y-cultivos-en-predios-cordilleranos","status":"publish","type":"post","link":"https:\/\/www.semanariolocal.cl\/?p=3666","title":{"rendered":"SAG monitorea sanidad de especies frutales y cultivos en predios cordilleranos"},"content":{"rendered":"\n<p style=\"font-size:17px\">Para monitorear la condici\u00f3n fitosanitaria de huertos y cultivos del \u00e1mbito agr\u00edcola, funcionarios del Servicio Agr\u00edcola y Ganadero, SAG, se trasladaron hasta la localidad cordillerana de Llanada Grande, en la comuna de Cocham\u00f3, zona donde efectuaron acciones de vigilancia y tambi\u00e9n instalaron trampas para la detecci\u00f3n oportuna de plagas de importancia econ\u00f3mica.<\/p>\n\n\n\n<p style=\"font-size:17px\">El director regional del SAG, Eduardo Monreal, sostuvo que se trata de actividades de monitoreo y vigilancia que se realizan con cierta periodicidad en esta zona de la regi\u00f3n. \u201cSe visitaron cerca de 50 predios, la mayor\u00eda perteneciente a peque\u00f1os productores que se encuentran en cercan\u00eda, o que directamente limitan con predios de Argentina, y en ese aspecto es importante verificar la situaci\u00f3n sanitaria para evitar que a nuestro pa\u00eds ingresen plagas y enfermedades que est\u00e1n presentes en el sector silvoagr\u00edcola del pa\u00eds vecino\u201d.<\/p>\n\n\n\n<p style=\"font-size:17px\">Las acciones de monitoreo sanitario estuvieron principalmente orientadas a especies de frutales como manzano, ar\u00e1ndano, nogal, frambueso, grosellero, cerezo, frutilla, vid, golden berry y avellano europeo. Adem\u00e1s, se instalaron trampas en zonas urbanas, tur\u00edsticas, y en almacenes y fruter\u00edas que son \u00e1reas de posible establecimiento de plagas.<\/p>\n\n\n\n<p style=\"font-size:17px\">Cabe destacar que la existencia de un microclima en dicha zona cordillerana permite el crecimiento de una amplia gama de frutales, por lo que las plagas podr\u00edan desarrollarse en perfectas condiciones.<\/p>\n\n\n\n<p style=\"font-size:17px\">\u201cPara el retiro de las trampas el SAG realizar\u00e1 un segundo operativo y las muestras colectadas ser\u00e1n enviadas para an\u00e1lisis al laboratorio agr\u00edcola de la instituci\u00f3n ubicado en la ciudad de Osorno\u201d, explic\u00f3 la autoridad regional del SAG.<\/p>\n\n\n\n<p style=\"font-size:17px\"><strong>Charlas<\/strong><\/p>\n\n\n\n<p style=\"font-size:17px\">En coordinaci\u00f3n con el PRODESAL de la Municipalidad de Cocham\u00f3, el SAG tambi\u00e9n llev\u00f3 a cabo una charla informativa para explicar a los agricultores la estrategia de control cultural para el manejo de la mosca de alas manchadas,&nbsp;<em>Drosophila suzukii.&nbsp;<\/em>Asimismo, se recordaron las directrices del Programa Nacional de la Papa, con \u00e9nfasis en la obligaci\u00f3n que tienen los productores de papas de inscribir, cada temporada, sus cultivos en el SAG.<\/p>\n\n\n\n<p style=\"font-size:17px\">\u201cEs importante concientizar a productores\/as que siempre est\u00e1 latente el ingreso o diseminaci\u00f3n de plagas en los cultivos de la zona, tales como frutales, papas, entre otros. Adem\u00e1s, sobre lo complejo que pudiese resultar su control o erradicaci\u00f3n. En ese sentido, la vigilancia sanitaria es clave y es una de las acciones que pone en marcha el Servicio para la detecci\u00f3n temprana, por ejemplo, con trampas que han quedado instaladas en este operativo. As\u00ed, frente a una eventual detecci\u00f3n de cualquier insecto no presente en Chile, se podr\u00e1n tomar las acciones pertinentes y en forma oportuna, de tal manera de evitar su dispersi\u00f3n\u201d acot\u00f3 Monreal.<\/p>\n\n\n\n<p style=\"font-size:17px\"><strong>Defensa sanitaria en frontera<\/strong><\/p>\n\n\n\n<p style=\"font-size:17px\">La autoridad regional del SAG dijo que las acciones de vigilancia de este tipo se complementan con aquellas que realiza la instituci\u00f3n en controles fronterizos. Al respecto, se recuerda que esta temporada se est\u00e1 reactivando la llegada de cruceros y, en la regi\u00f3n, se han priorizado dos controles fronterizos terrestres para retomar el tr\u00e1nsito de turistas, El L\u00edmite (comuna de Futaleuf\u00fa, provincia Palena) y Cardenal Samor\u00e9 (comuna Puyehue, provincia Osorno). En todos ellos, el SAG tiene presencia pues se debe revisar el equipaje de turistas que ingresan a Chile ya que esa v\u00eda es reconocida como una de las principales causas de entrada de plagas a los pa\u00edses.<\/p>\n\n\n\n<p style=\"font-size:17px\">\u201cPor lo tanto, el llamado es a no retornar al pa\u00eds con productos prohibidos de ingreso tales como frutas, carnes, embutidos, entre otros, ya que el impacto ambiental y econ\u00f3mico es incalculable. Recordar a las personas que al ingresar a Chile deben llenar una Declaraci\u00f3n Jurada respecto a lo que se indica y que faltar a la verdad implica multas que parten desde los 160 mil pesos\u201d, finaliz\u00f3 Monreal.<\/p>\n","protected":false},"excerpt":{"rendered":"<p>Para monitorear la condici\u00f3n fitosanitaria de huertos y cultivos del \u00e1mbito agr\u00edcola, funcionarios del Servicio Agr\u00edcola y Ganadero, SAG, se trasladaron hasta la localidad cordillerana de Llanada Grande, en la comuna de Cocham\u00f3, zona donde efectuaron acciones de vigilancia y tambi\u00e9n instalaron trampas para la detecci\u00f3n oportuna de plagas de importancia econ\u00f3mica. El director regional&#8230;<a class=\"btnReadMore\" href=\"https:\/\/www.semanariolocal.cl\/?p=3666\"> Leer M\u00e1s<\/a><\/p>\n","protected":false},"author":1,"featured_media":3667,"comment_status":"closed","ping_status":"closed","sticky":false,"template":"","format":"standard","meta":{"footnotes":""},"categories":[20],"tags":[],"class_list":["post-3666","post","type-post","status-publish","format-standard","has-post-thumbnail","hentry","category-agro"],"_links":{"self":[{"href":"https:\/\/www.semanariolocal.cl\/index.php?rest_route=\/wp\/v2\/posts\/3666","targetHints":{"allow":["GET"]}}],"collection":[{"href":"https:\/\/www.semanariolocal.cl\/index.php?rest_route=\/wp\/v2\/posts"}],"about":[{"href":"https:\/\/www.semanariolocal.cl\/index.php?rest_route=\/wp\/v2\/types\/post"}],"author":[{"embeddable":true,"href":"https:\/\/www.semanariolocal.cl\/index.php?rest_route=\/wp\/v2\/users\/1"}],"replies":[{"embeddable":true,"href":"https:\/\/www.semanariolocal.cl\/index.php?rest_route=%2Fwp%2Fv2%2Fcomments&post=3666"}],"version-history":[{"count":1,"href":"https:\/\/www.semanariolocal.cl\/index.php?rest_route=\/wp\/v2\/posts\/3666\/revisions"}],"predecessor-version":[{"id":3668,"href":"https:\/\/www.semanariolocal.cl\/index.php?rest_route=\/wp\/v2\/posts\/3666\/revisions\/3668"}],"wp:featuredmedia":[{"embeddable":true,"href":"https:\/\/www.semanariolocal.cl\/index.php?rest_route=\/wp\/v2\/media\/3667"}],"wp:attachment":[{"href":"https:\/\/www.semanariolocal.cl\/index.php?rest_route=%2Fwp%2Fv2%2Fmedia&parent=3666"}],"wp:term":[{"taxonomy":"category","embeddable":true,"href":"https:\/\/www.semanariolocal.cl\/index.php?rest_route=%2Fwp%2Fv2%2Fcategories&post=3666"},{"taxonomy":"post_tag","embeddable":true,"href":"https:\/\/www.semanariolocal.cl\/index.php?rest_route=%2Fwp%2Fv2%2Ftags&post=3666"}],"curies":[{"name":"wp","href":"https:\/\/api.w.org\/{rel}","templated":true}]}}