{"id":3663,"date":"2021-12-23T10:15:00","date_gmt":"2021-12-23T13:15:00","guid":{"rendered":"https:\/\/www.semanariolocal.cl\/?p=3663"},"modified":"2021-12-23T14:18:30","modified_gmt":"2021-12-23T17:18:30","slug":"indespa-entrega-recursos-a-mujeres-pescadoras-y-recolectoras-de-orilla","status":"publish","type":"post","link":"https:\/\/www.semanariolocal.cl\/?p=3663","title":{"rendered":"Indespa entrega recursos a mujeres pescadoras y recolectoras de orilla"},"content":{"rendered":"\n<p style=\"font-size:17px\">En la localidad de Bah\u00eda Mansa, comuna de San Juan de Costa, el Seremi de Econom\u00eda, Fomento y Turismo, Francisco Mu\u00f1oz, en compa\u00f1\u00eda de la Encargada regional de Indespa, Mariela Guzm\u00e1n, visitaron a 3 de las 67 beneficiarias del concurso \u201cCapital Semilla Emprendedora Artesanal 2021\u201d que otorga el Instituto Nacional de Desarrollo Sustentable de la Pesca Artesanal y de la Acuicultura de Peque\u00f1a Escala, Indespa, para potenciar la diversificaci\u00f3n y el impulso productivo de nuevos negocios en las mujeres del sector pesquero artesanal.<\/p>\n\n\n\n<p style=\"font-size:17px\">La iniciativa con enfoque de g\u00e9nero entreg\u00f3 a cada una de las seleccionadas un fondo de $2.350.000, con el objetivo de potenciar los proyectos de negocio en gastronom\u00eda, turismo, artesan\u00eda y valor agregado (conservas, congelados, ahumados, procesados como harina, condimentos o mermeladas de algas) que impulsan las mujeres del rubro pesquero.<\/p>\n\n\n\n<p style=\"font-size:17px\">En su visita, el Seremi de Econom\u00eda, Fomento y Turismo, Francisco Mu\u00f1oz, detall\u00f3 que \u201c<strong><em>este programa se enmarca en el Plan de Apoyo a la Pesca Artesanal que anunciamos como Gobierno, este concurso busca relevar la labor de la mujer emprendedora financiando su idea de negocio y lograr una escalabilidad productiva, en ese sentido, se dispuso de $2.350.000 para la capacitaci\u00f3n e inversi\u00f3n en equipamiento, insumos y tambi\u00e9n, la mejora de su nivel productivo y por supuesto que les permita acogerse a las resoluciones sanitarias que les abrir\u00e1n nuevos mercados. En el caso de la regi\u00f3n de Los Lagos implica una inversi\u00f3n cercana a los $220 millones y afortunadamente llegamos al 34% de los recursos a nivel pa\u00eds y sin duda las 67 mujeres apoyadas por esta instancia van a encontrar mejores mercados de venta<\/em><\/strong>\u201d.<\/p>\n\n\n\n<p style=\"font-size:17px\">Por su parte, la Encargada Regional de Indespa, Mariela Guzm\u00e1n, destac\u00f3 que \u201c<strong><em>el fondo Capital Semilla Emprendedora Artesanal de Indespa es un gran impulso econ\u00f3mico para las mujeres del sector pesquero que tienen siempre grandes ideas e iniciativa para darle mayor valor a sus productos. Este aporte es un peque\u00f1o impulso m\u00e1s para que ellas a futuro puedan avanzar hacia grandes negocios en la pesca artesanal\u201d.<\/em><\/strong><\/p>\n\n\n\n<p style=\"font-size:17px\">A nivel nacional el programa \u201cCapital Semilla\u201d benefici\u00f3 a 200 mujeres (pescadoras, recolectoras de orilla, buzos, armadoras) presentes en 94 caletas artesanales, con recursos que totalizan cerca de $630.000.000. En la regi\u00f3n de Los Lagos fueron beneficiadas 67 mujeres con una inversi\u00f3n regional de $219.978.886.<\/p>\n\n\n\n<p style=\"font-size:17px\">Mireya Espina, del sector de Contacto, comuna de San Juan de la Costa, es una de las beneficiadas del concurso, respecto al apoyo gubernamental manifest\u00f3 que se siente feliz y afortunada ya que ser\u00e1 de gran ayuda para las mujeres ligadas a la pesca artesanal.&nbsp;<strong><em>\u201cYo ofrezco conservas y mariscos, pat\u00e9 de erizo, mermelada de cochayuyo, algas deshidratadas, encurtidos y gastronom\u00eda con productos del mar. Tuve la oportunidad de ser beneficiaria por este concurso de Indespa el cual ser\u00e1 invertido en mobiliario industrial, tanto como mesones, lava fondos y congeladores, tambi\u00e9n para comprar implementos para envasar y sellar mis productos, todo esto para tener un producto de mejor calidad con etiqueta y buena presentaci\u00f3n<\/em><\/strong>\u201d, destac\u00f3 la emprendedora.<\/p>\n\n\n\n<p style=\"font-size:17px\">Cada una de las 67 seleccionadas recibi\u00f3 adem\u00e1s durante dos meses asistencia t\u00e9cnica profesional en la cual abordaron las mejoras a sus planes de negocios y marketing, y al plan de inversi\u00f3n que les permite hoy recibir el aporte monetario destinado a la compra de bienes y\/o servicios que les ayudar\u00e1n a fortalecer sus emprendimientos.<\/p>\n","protected":false},"excerpt":{"rendered":"<p>La iniciativa con enfoque de g\u00e9nero busca impulsar proyectos de negocio en gastronom\u00eda, turismo, artesan\u00eda y valor agregado.<\/p>\n","protected":false},"author":1,"featured_media":3664,"comment_status":"closed","ping_status":"closed","sticky":false,"template":"","format":"standard","meta":{"footnotes":""},"categories":[3],"tags":[],"class_list":["post-3663","post","type-post","status-publish","format-standard","has-post-thumbnail","hentry","category-al-dia"],"_links":{"self":[{"href":"https:\/\/www.semanariolocal.cl\/index.php?rest_route=\/wp\/v2\/posts\/3663","targetHints":{"allow":["GET"]}}],"collection":[{"href":"https:\/\/www.semanariolocal.cl\/index.php?rest_route=\/wp\/v2\/posts"}],"about":[{"href":"https:\/\/www.semanariolocal.cl\/index.php?rest_route=\/wp\/v2\/types\/post"}],"author":[{"embeddable":true,"href":"https:\/\/www.semanariolocal.cl\/index.php?rest_route=\/wp\/v2\/users\/1"}],"replies":[{"embeddable":true,"href":"https:\/\/www.semanariolocal.cl\/index.php?rest_route=%2Fwp%2Fv2%2Fcomments&post=3663"}],"version-history":[{"count":1,"href":"https:\/\/www.semanariolocal.cl\/index.php?rest_route=\/wp\/v2\/posts\/3663\/revisions"}],"predecessor-version":[{"id":3665,"href":"https:\/\/www.semanariolocal.cl\/index.php?rest_route=\/wp\/v2\/posts\/3663\/revisions\/3665"}],"wp:featuredmedia":[{"embeddable":true,"href":"https:\/\/www.semanariolocal.cl\/index.php?rest_route=\/wp\/v2\/media\/3664"}],"wp:attachment":[{"href":"https:\/\/www.semanariolocal.cl\/index.php?rest_route=%2Fwp%2Fv2%2Fmedia&parent=3663"}],"wp:term":[{"taxonomy":"category","embeddable":true,"href":"https:\/\/www.semanariolocal.cl\/index.php?rest_route=%2Fwp%2Fv2%2Fcategories&post=3663"},{"taxonomy":"post_tag","embeddable":true,"href":"https:\/\/www.semanariolocal.cl\/index.php?rest_route=%2Fwp%2Fv2%2Ftags&post=3663"}],"curies":[{"name":"wp","href":"https:\/\/api.w.org\/{rel}","templated":true}]}}