{"id":3657,"date":"2021-12-23T07:55:00","date_gmt":"2021-12-23T10:55:00","guid":{"rendered":"https:\/\/www.semanariolocal.cl\/?p=3657"},"modified":"2021-12-23T14:09:15","modified_gmt":"2021-12-23T17:09:15","slug":"fuerte-defensa-de-senador-quinteros-a-construccion-de-centro-oncologico-en-los-lagos","status":"publish","type":"post","link":"https:\/\/www.semanariolocal.cl\/?p=3657","title":{"rendered":"Fuerte defensa de Senador Quinteros a construcci\u00f3n de centro oncol\u00f3gico en los Lagos"},"content":{"rendered":"\n<p style=\"font-size:17px\">En su calidad de presidente de la comisi\u00f3n de Salud del Senado, el senador Rabindranath Quinteros pidi\u00f3 nuevamente al ministro de Salud Enrique Paris que realice gestiones para que el director de servicio de salud Reloncav\u00ed&nbsp;&nbsp;autorice la construcci\u00f3n de un centro oncol\u00f3gico en la zona en un retazo de terreno del ex hospital de Puerto Montt.<\/p>\n\n\n\n<p style=\"font-size:17px\">\u201cEs inexplicable que se dilate la construcci\u00f3n de un centro oncol\u00f3gico que no existe en la regi\u00f3n de Los Lagos, en circunstancias que el c\u00e1ncer es la primera causa de muerte en Chile y en la regi\u00f3n. El traslado a otras regiones para tener un tratamiento es un tremendo gasto para la familia entera de quien tiene esta enfermedad, por eso necesitamos este centro\u201d, sentenci\u00f3.<\/p>\n\n\n\n<p style=\"font-size:17px\">Quinteros agreg\u00f3 que \u201ctodos sabemos que debido a la pandemia se va a retrasar la construcci\u00f3n de un centro para el c\u00e1ncer con recursos p\u00fablicos y por ello es urgente que el Servicio de Salud Reloncav\u00ed facilite y de luz verde al proyecto de la Fundaci\u00f3n Arturo L\u00f3pez P\u00e9rez que es un organismo sin fines de lucro y que hoy tienen los recursos para levantar ese centro oncol\u00f3gico tan necesario para nuestra regi\u00f3n\u201d, detall\u00f3 el senador.<\/p>\n\n\n\n<p style=\"font-size:17px\">Enrique Paris reiter\u00f3 que el ministerio apoyaba la construcci\u00f3n del centro oncol\u00f3gico de la Fundaci\u00f3n L\u00f3pez Perez. \u201cAqu\u00ed no se trata de competir, ambas cosas son complementarias, incluso los m\u00e9dicos pueden trabajar en forma complementaria en ambos sistemas, por lo tanto eso cuenta con mi apoyo\u201d declar\u00f3.<\/p>\n\n\n\n<p style=\"font-size:17px\">El ministro indic\u00f3 que en semanas pasadas habl\u00f3 con el gobernador regional Patricio Vallesp\u00edn, quien ofreci\u00f3 otro terreno. \u201cHay que hacer esa conexi\u00f3n entre la fundaci\u00f3n y el gobernador regional y el Core y ver que otro terreno ofrecen\u201d.<\/p>\n\n\n\n<p style=\"font-size:17px\">\u201cNosotros vamos a apoyar la construcci\u00f3n del centro de FALP sin abandonar el proyecto estatal. Ambos son complementarios pero si uno puede avanzar m\u00e1s r\u00e1pido, bienvenido\u201dcoment\u00f3 el ministro.<\/p>\n\n\n\n<p style=\"font-size:17px\">Ante la solicitud del senador Quinteros de entregar una soluci\u00f3n al tema, Paris se comprometi\u00f3 a conversar nuevamente con el director del Servicio de Salud Reloncav\u00ed.&nbsp;<\/p>\n\n\n\n<p style=\"font-size:17px\">\u201cVoy a hablar nuevamente con el director de servicio, la doctora Silvya&nbsp;&nbsp;Santander (jefa de la divisi\u00f3n de Prevenci\u00f3n y Control de Enfermedades) tambi\u00e9n est\u00e1 de acuerdo, esperamos que a m\u00e1s tardar la pr\u00f3xima semana tengamos claridad al respecto\u201d afirm\u00f3 Paris.<\/p>\n","protected":false},"excerpt":{"rendered":"<p>En su calidad de presidente de la comisi\u00f3n de Salud del Senado, el senador Rabindranath Quinteros pidi\u00f3 nuevamente al ministro de Salud Enrique Paris que realice gestiones para que el director de servicio de salud Reloncav\u00ed&nbsp;&nbsp;autorice la construcci\u00f3n de un centro oncol\u00f3gico en la zona en un retazo de terreno del ex hospital de Puerto&#8230;<a class=\"btnReadMore\" href=\"https:\/\/www.semanariolocal.cl\/?p=3657\"> Leer M\u00e1s<\/a><\/p>\n","protected":false},"author":1,"featured_media":3658,"comment_status":"closed","ping_status":"closed","sticky":false,"template":"","format":"standard","meta":{"footnotes":""},"categories":[3],"tags":[],"class_list":["post-3657","post","type-post","status-publish","format-standard","has-post-thumbnail","hentry","category-al-dia"],"_links":{"self":[{"href":"https:\/\/www.semanariolocal.cl\/index.php?rest_route=\/wp\/v2\/posts\/3657","targetHints":{"allow":["GET"]}}],"collection":[{"href":"https:\/\/www.semanariolocal.cl\/index.php?rest_route=\/wp\/v2\/posts"}],"about":[{"href":"https:\/\/www.semanariolocal.cl\/index.php?rest_route=\/wp\/v2\/types\/post"}],"author":[{"embeddable":true,"href":"https:\/\/www.semanariolocal.cl\/index.php?rest_route=\/wp\/v2\/users\/1"}],"replies":[{"embeddable":true,"href":"https:\/\/www.semanariolocal.cl\/index.php?rest_route=%2Fwp%2Fv2%2Fcomments&post=3657"}],"version-history":[{"count":1,"href":"https:\/\/www.semanariolocal.cl\/index.php?rest_route=\/wp\/v2\/posts\/3657\/revisions"}],"predecessor-version":[{"id":3659,"href":"https:\/\/www.semanariolocal.cl\/index.php?rest_route=\/wp\/v2\/posts\/3657\/revisions\/3659"}],"wp:featuredmedia":[{"embeddable":true,"href":"https:\/\/www.semanariolocal.cl\/index.php?rest_route=\/wp\/v2\/media\/3658"}],"wp:attachment":[{"href":"https:\/\/www.semanariolocal.cl\/index.php?rest_route=%2Fwp%2Fv2%2Fmedia&parent=3657"}],"wp:term":[{"taxonomy":"category","embeddable":true,"href":"https:\/\/www.semanariolocal.cl\/index.php?rest_route=%2Fwp%2Fv2%2Fcategories&post=3657"},{"taxonomy":"post_tag","embeddable":true,"href":"https:\/\/www.semanariolocal.cl\/index.php?rest_route=%2Fwp%2Fv2%2Ftags&post=3657"}],"curies":[{"name":"wp","href":"https:\/\/api.w.org\/{rel}","templated":true}]}}