{"id":3654,"date":"2021-12-23T08:00:00","date_gmt":"2021-12-23T11:00:00","guid":{"rendered":"https:\/\/www.semanariolocal.cl\/?p=3654"},"modified":"2021-12-23T14:04:13","modified_gmt":"2021-12-23T17:04:13","slug":"diputados-udi-presentan-proyecto-de-ley-para-prorrogar-vigencia-de-licencias-de-conducir-hasta-2023","status":"publish","type":"post","link":"https:\/\/www.semanariolocal.cl\/?p=3654","title":{"rendered":"Diputados UDI presentan proyecto de ley para prorrogar vigencia de licencias de conducir hasta 2023"},"content":{"rendered":"\n<p style=\"font-size:17px\">Con el objetivo de evitar que se sigan produciendo aglomeraciones innecesarias en el pa\u00eds, la Bancada de Diputados de la UDI present\u00f3 esta ma\u00f1ana un proyecto de ley para prorrogar hasta el 2023 la vigencia de las licencias de conducir, lo que beneficiar\u00eda a todas las personas cuyos documentos vencer\u00e1n durante los primeros meses del pr\u00f3ximo a\u00f1o.<\/p>\n\n\n\n<p style=\"font-size:17px\">Al respecto, el jefe de la bancada gremialista, Juan Antonio Coloma, junto al diputado Cristhian Moreira, explicaron que si bien a principios de este a\u00f1o ya se extendi\u00f3 dicha vigencia por todo el 2022 producto de la actual pandemia, advirtieron que durante las pr\u00f3ximas semanas deber\u00e1n asistir a renovar todas las personas cuyos documentos vencen en enero, febrero y los primeros meses del a\u00f1o, por lo que \u201curge volver a prorrogar su validez\u201d.<\/p>\n\n\n\n<p style=\"font-size:17px\">\u201cHace algunos meses solicitamos con fuerza extender la vigencia de las c\u00e9dulas de identidad y as\u00ed lo entendi\u00f3 el Gobierno, porque se estaban produciendo aglomeraciones muy preocupantes en las oficinas del Registro Civil. Bueno, eso mismo podr\u00eda empezar a ocurrir en las pr\u00f3ximas semanas, cuando todas las licencias de conducir con fecha de enero o febrero comiencen a vencer, y es justamente lo que buscamos evitar con este proyecto\u201d, se\u00f1alaron los parlamentarios UDI.<\/p>\n\n\n\n<p style=\"font-size:17px\">Por lo mismo, Coloma y Moreira hicieron un llamado al Ejecutivo a patrocinar dicha iniciativa o, en su defecto, a presentar una ley corta que les permita tener aprobada la extensi\u00f3n a m\u00e1s tardar durante los primeros d\u00edas de enero, garantizando de esta manera que no se produzcan multitudes innecesarias a lo largo del pa\u00eds.<\/p>\n\n\n\n<p style=\"font-size:17px\">\u201cPese a lo exitoso del proceso de vacunaci\u00f3n, la pandemia contin\u00faa y siguen apareciendo variantes nuevas. Por lo tanto, es indispensable evaluar todas las medidas que se aprobaron durante la emergencia sanitaria y determinar cu\u00e1les son necesarias seguir aplicando en nuestro pa\u00eds, y una de ellas es esta\u201d, insistieron los diputados gremialistas, quienes finalmente llamaron al resto de los parlamentarios a avanzar en un \u201cacuerdo transversal\u201d en la materia.<\/p>\n\n\n\n<p style=\"font-size:17px\">\u201cEste es un proyecto que ya tramitamos en una oportunidad, por lo tanto tenemos la absoluta convicci\u00f3n de que la mayor\u00eda de las bancadas estar\u00e1n de acuerdo en prorrogar las licencias de conducir para as\u00ed evitar que se produzcan focos de contagio en nuestro pa\u00eds\u201d, concluyeron los UDI.<\/p>\n","protected":false},"excerpt":{"rendered":"<p>El jefe de la bancada gremialista, Juan Antonio Coloma, junto a Cristhian Moreira, recordaron que la actual extensi\u00f3n rige s\u00f3lo hasta el 2022, por lo que en las pr\u00f3ximas semanas empezar\u00e1n a vencer los primeros documentos correspondientes a ese a\u00f1o<\/p>\n","protected":false},"author":1,"featured_media":3655,"comment_status":"closed","ping_status":"closed","sticky":false,"template":"","format":"standard","meta":{"footnotes":""},"categories":[6],"tags":[],"class_list":["post-3654","post","type-post","status-publish","format-standard","has-post-thumbnail","hentry","category-politica"],"_links":{"self":[{"href":"https:\/\/www.semanariolocal.cl\/index.php?rest_route=\/wp\/v2\/posts\/3654","targetHints":{"allow":["GET"]}}],"collection":[{"href":"https:\/\/www.semanariolocal.cl\/index.php?rest_route=\/wp\/v2\/posts"}],"about":[{"href":"https:\/\/www.semanariolocal.cl\/index.php?rest_route=\/wp\/v2\/types\/post"}],"author":[{"embeddable":true,"href":"https:\/\/www.semanariolocal.cl\/index.php?rest_route=\/wp\/v2\/users\/1"}],"replies":[{"embeddable":true,"href":"https:\/\/www.semanariolocal.cl\/index.php?rest_route=%2Fwp%2Fv2%2Fcomments&post=3654"}],"version-history":[{"count":1,"href":"https:\/\/www.semanariolocal.cl\/index.php?rest_route=\/wp\/v2\/posts\/3654\/revisions"}],"predecessor-version":[{"id":3656,"href":"https:\/\/www.semanariolocal.cl\/index.php?rest_route=\/wp\/v2\/posts\/3654\/revisions\/3656"}],"wp:featuredmedia":[{"embeddable":true,"href":"https:\/\/www.semanariolocal.cl\/index.php?rest_route=\/wp\/v2\/media\/3655"}],"wp:attachment":[{"href":"https:\/\/www.semanariolocal.cl\/index.php?rest_route=%2Fwp%2Fv2%2Fmedia&parent=3654"}],"wp:term":[{"taxonomy":"category","embeddable":true,"href":"https:\/\/www.semanariolocal.cl\/index.php?rest_route=%2Fwp%2Fv2%2Fcategories&post=3654"},{"taxonomy":"post_tag","embeddable":true,"href":"https:\/\/www.semanariolocal.cl\/index.php?rest_route=%2Fwp%2Fv2%2Ftags&post=3654"}],"curies":[{"name":"wp","href":"https:\/\/api.w.org\/{rel}","templated":true}]}}