{"id":3651,"date":"2021-12-22T13:10:57","date_gmt":"2021-12-22T16:10:57","guid":{"rendered":"https:\/\/www.semanariolocal.cl\/?p=3651"},"modified":"2021-12-23T13:49:42","modified_gmt":"2021-12-23T16:49:42","slug":"observatorio-laboral-presenta-el-ultimo-termometro-laboral-del-ano-2021","status":"publish","type":"post","link":"https:\/\/www.semanariolocal.cl\/?p=3651","title":{"rendered":"Observatorio Laboral presenta el \u00faltimo Term\u00f3metro Laboral del a\u00f1o 2021"},"content":{"rendered":"\n<p style=\"font-size:17px\"><strong>Ocupaci\u00f3n:<\/strong>&nbsp;Durante el trimestre m\u00f3vil Agosto-Octubre 2021 la&nbsp;<strong>fuerza de trabajo<\/strong>&nbsp;(ocupados m\u00e1s desocupados) alcanz\u00f3 a 338.008 personas; esto es un&nbsp;<strong>2,6% m\u00e1s alto en comparaci\u00f3n al mismo trimestre del a\u00f1o 2020.<\/strong><\/p>\n\n\n\n<p style=\"font-size:17px\">Es necesario se\u00f1alar que con respecto a Agosto-Septiembre-Octubre 2019, la actual fuerza de trabajo es un 21,5% m\u00e1s baja, y que corresponde a 92.525 personas menos.<\/p>\n\n\n\n<p style=\"font-size:17px\">Respecto al n\u00famero total de ocupados en el actual trimestre, estos alcanzan a 328.728 personas. En comparaci\u00f3n al mismo trimestre del 2020, el actual dato muestra 11.946 empleos m\u00e1s, es decir, un incremento del 3,8%.<\/p>\n\n\n\n<p style=\"font-size:17px\">Igualmente, como contexto, con respecto al mismo trimestre 2019, hay 87.898 personas ocupadas menos (-21,1%).<\/p>\n\n\n\n<p style=\"font-size:17px\"><strong>La tasa de ocupaci\u00f3n regional<\/strong>&nbsp;en el actual trimestre Ago-Oct 2021, alcanza un 45,3%, que es similar al trimestre anterior que alcanz\u00f3 un 45,4%. Es una mejora con respecto al mismo trimestre del 2020, pero todav\u00eda menor al 58,7% del 2019.<\/p>\n\n\n\n<p style=\"font-size:17px\">El pa\u00eds, por su parte, muestra un ligero aumento desde el 52,3% en el trimestre anterior a un actual 53%. Esto significa que la actual brecha de la tasa regional con respecto al pa\u00eds aumenta a 7,7 pp.<\/p>\n\n\n\n<p style=\"font-size:17px\">El&nbsp;<strong>trabajo por cuenta propia<\/strong>, en un a\u00f1o&nbsp;<strong>crece desde 66.360 a 81.082, es decir, crece un 22,2%.<\/strong><\/p>\n\n\n\n<p style=\"font-size:17px\">Por su parte, los asalariados privados aumentaron un 4,2%,: aunque los asalariados p\u00fablicos disminuyen en un 13,7%.<\/p>\n\n\n\n<p style=\"font-size:17px\"><strong>Por nivel educacional<\/strong>, persisten tasas de ocupaci\u00f3n bajas en personas con educaci\u00f3n superior incompleta (26,8%) y b\u00e1sica incompleta o menos (25,7%). Sin embargo, con respecto al trimestre Agosto- Septiembre- Octubre 2020, en todos los niveles educacionales, o se mantuvo o aument\u00f3 la tasa de ocupaci\u00f3n.<\/p>\n\n\n\n<p style=\"font-size:17px\">Por parte de la&nbsp;<strong>tasa de ocupaci\u00f3n de los migrantes<\/strong>, esta es de 66,9%, mientras que la de los no migrantes es de 44,7%.<\/p>\n\n\n\n<p style=\"font-size:17px\">En el caso de la tasa de ocupaci\u00f3n regional de quienes pertenecen a un pueblo originario es de 43,5%.<\/p>\n\n\n\n<p style=\"font-size:17px\">Actualmente la proporci\u00f3n de&nbsp;<strong>personas que entregan boletas de honorarios<\/strong>&nbsp;representan ser el 3,3% del total de ocupados (10.814 personas); esta cifra es ligeramente inferior al 3,5% observado en el mismo periodo del 2020.<\/p>\n\n\n\n<p style=\"font-size:17px\">Todos los sectores econ\u00f3micos de la regi\u00f3n muestran una recuperaci\u00f3n del empleo con respecto al a\u00f1o 2020. Sin embargo, con respecto al a\u00f1o 2019, casi todas las actividades est\u00e1n por debajo del n\u00famero de ocupados de dicho periodo; se except\u00faa Actividades de Servicios Administrativos e Inmobiliarias.<\/p>\n\n\n\n<p style=\"font-size:17px\">Las tres mayores alzas porcentuales en el empleo entre Agosto-Octubre 2020 y 2021 las muestran los sectores de Construcci\u00f3n (41,9%), Servicios Sociales y Personales (6,3%) y Comercio (4,6%), que en su conjunto representan una recuperaci\u00f3n de 15.120 puestos de trabajo.<\/p>\n\n\n\n<p style=\"font-size:17px\"><strong>Informalidad<\/strong>: La tasa de ocupaci\u00f3n informal en la Regi\u00f3n aumenta a 27,2%. El pa\u00eds, tambi\u00e9n muestra una ligera alza, de 27,7% a 27,9%. A su vez, la actual tasa de informalidad regional es m\u00e1s alta si es comparada con el trimestre Ago-Oct 2020, donde alcanz\u00f3 un 24,4%. Como contexto hay que se\u00f1alar que, en comparaci\u00f3n al a\u00f1o 2019, el actual n\u00famero de total de informales es m\u00e1s bajo; concretamente en Agosto- Septiembre y Octubre 2021 son 88.269, y en el mismo trimestre de 2019 eran 116.117 personas en condici\u00f3n de informalidad.<\/p>\n\n\n\n<p style=\"font-size:17px\"><strong>Inactividad:<\/strong>&nbsp;Las tasas de inactividad laboral en la Regi\u00f3n son m\u00e1s altas que el pa\u00eds (53,4% versus 42,4% respectivamente). En la regi\u00f3n, las&nbsp;<strong>mujeres registran una tasa de inactividad de 64% y en hombres de un 42,6%.<\/strong>&nbsp;En el periodo de un a\u00f1o, el total de inactivos var\u00eda muy poco, ya que de 388.790 en 2020, pasa a 387.906 personas inactivas en este trimestre. Sin embargo, por sexo se observa que las mujeres en condici\u00f3n de inactividad aumentan en 3.542, mientras que los hombres disminuyen en -4.434.<\/p>\n\n\n\n<p style=\"font-size:17px\">En relaci\u00f3n con las&nbsp;<strong>razones para no trabajar o buscar empleo<\/strong>, en una comparaci\u00f3n del presente trimestre con el mismo periodo 2019, existe un incremento total de personas que no trabajan ni buscan trabajo de 108.439 (38,8%). En l\u00ednea con anterior, destaca el incremento de 77,8% de personas que indican que \u201cpor motivos de salud\u201d no trabajan o no buscan empleo (aumento en 16.286 personas); \u201cresponsabilidades familiares permanente\u201d, que crece 44,6% (23.032 personas), \u201cest\u00e1 estudiando, o prepar\u00e1ndose para estudiar\u201d con 27,5% (20.239), y el de \u201cPersona jubilada, pensionada o rentista\u201d con 22,2% (18.203). Con respecto al 2020, la variaci\u00f3n del n\u00famero total de personas que no trabajan y no buscan trabajo var\u00eda ligeramente. Concretamente disminuye en 948 personas (-0,2%). Sin embargo, destaca tambi\u00e9n el incremento de la raz\u00f3n \u201cpor motivos salud\u201d (aumento de 67%, o 14.935 personas).<\/p>\n\n\n\n<p>Link con resultados completos<\/p>\n\n\n\n<figure class=\"wp-block-embed\"><div class=\"wp-block-embed__wrapper\">\nhttps:\/\/observatorionacionalapi.sence.cl\/dl\/boletines-1639150061744.pdf\n<\/div><\/figure>\n","protected":false},"excerpt":{"rendered":"<p>El an\u00e1lisis de los datos est\u00e1 a cargo del Observatorio Laboral que lidera Sence y ejecuta la Universidad de Los Lagos, donde se observa el estado del empleo en la regi\u00f3n.<\/p>\n","protected":false},"author":1,"featured_media":3652,"comment_status":"closed","ping_status":"closed","sticky":false,"template":"","format":"standard","meta":{"footnotes":""},"categories":[12],"tags":[],"class_list":["post-3651","post","type-post","status-publish","format-standard","has-post-thumbnail","hentry","category-economia"],"_links":{"self":[{"href":"https:\/\/www.semanariolocal.cl\/index.php?rest_route=\/wp\/v2\/posts\/3651","targetHints":{"allow":["GET"]}}],"collection":[{"href":"https:\/\/www.semanariolocal.cl\/index.php?rest_route=\/wp\/v2\/posts"}],"about":[{"href":"https:\/\/www.semanariolocal.cl\/index.php?rest_route=\/wp\/v2\/types\/post"}],"author":[{"embeddable":true,"href":"https:\/\/www.semanariolocal.cl\/index.php?rest_route=\/wp\/v2\/users\/1"}],"replies":[{"embeddable":true,"href":"https:\/\/www.semanariolocal.cl\/index.php?rest_route=%2Fwp%2Fv2%2Fcomments&post=3651"}],"version-history":[{"count":1,"href":"https:\/\/www.semanariolocal.cl\/index.php?rest_route=\/wp\/v2\/posts\/3651\/revisions"}],"predecessor-version":[{"id":3653,"href":"https:\/\/www.semanariolocal.cl\/index.php?rest_route=\/wp\/v2\/posts\/3651\/revisions\/3653"}],"wp:featuredmedia":[{"embeddable":true,"href":"https:\/\/www.semanariolocal.cl\/index.php?rest_route=\/wp\/v2\/media\/3652"}],"wp:attachment":[{"href":"https:\/\/www.semanariolocal.cl\/index.php?rest_route=%2Fwp%2Fv2%2Fmedia&parent=3651"}],"wp:term":[{"taxonomy":"category","embeddable":true,"href":"https:\/\/www.semanariolocal.cl\/index.php?rest_route=%2Fwp%2Fv2%2Fcategories&post=3651"},{"taxonomy":"post_tag","embeddable":true,"href":"https:\/\/www.semanariolocal.cl\/index.php?rest_route=%2Fwp%2Fv2%2Ftags&post=3651"}],"curies":[{"name":"wp","href":"https:\/\/api.w.org\/{rel}","templated":true}]}}