{"id":3648,"date":"2021-12-22T11:03:00","date_gmt":"2021-12-22T14:03:00","guid":{"rendered":"https:\/\/www.semanariolocal.cl\/?p=3648"},"modified":"2021-12-23T13:06:53","modified_gmt":"2021-12-23T16:06:53","slug":"diputado-barria-vivienda-conectividad-y-agua-seran-temas-claves-para-gobierno-de-boric","status":"publish","type":"post","link":"https:\/\/www.semanariolocal.cl\/?p=3648","title":{"rendered":"Diputado Barr\u00eda: \u201cvivienda, conectividad y agua ser\u00e1n temas claves para gobierno de Boric\u201d"},"content":{"rendered":"\n<p style=\"font-size:17px\">El diputado electo por el distrito 25, H\u00e9ctor Barr\u00eda, se refiri\u00f3 a los temas que deber\u00e1 abarcar el nuevo gobierno de Gabriel Boric e indic\u00f3 que desde el congreso luchar\u00e1n por las demandas y necesidades de los vecinos del campo y la ciudad.<\/p>\n\n\n\n<p style=\"font-size:17px\">\u201cHa ganado la ciudadan\u00eda, la participaci\u00f3n y la democracia. A trav\u00e9s de un l\u00e1piz y un papel que representa el voto universal, hoy tenemos un nuevo presidente de Chile. Felicitaciones a Gabriel Boric, creo que en la forma que fue ampliando su mirada, demostrando que son posibles los cambios con orden sobre la base del respeto, del estado de derecho, y que la convicci\u00f3n democr\u00e1tica se mantenga inalterable fue factor clave para que mucha gente se sumara a su candidatura\u201d, explic\u00f3 H\u00e9ctor Barr\u00eda.<\/p>\n\n\n\n<p style=\"font-size:17px\">El diputado electo agreg\u00f3 que \u201cen mi caso, como dem\u00f3crata cristiano sin duda me adher\u00ed a este proceso y como diputado estaremos atentos a que las demandas de nuestro distrito y territorio est\u00e9n presentes en su gobierno.\u201d<\/p>\n\n\n\n<p style=\"font-size:17px\">\u201cVivienda, conectividad para los sectores rurales, mejores caminos, el acceso al agua que es una tremenda problem\u00e1tica en nuestro territorio, ser\u00e1n los temas claves para un buen funcionamiento de su gobierno. Por supuesto, pagar la deuda con los profesores, pagar la deuda con los adultos mayores, tambi\u00e9n ser\u00e1n importantes en una nueva gesti\u00f3n presidencial\u201d, a\u00f1adi\u00f3 el ex alcalde de Purranque.<\/p>\n\n\n\n<p style=\"font-size:17px\">Finalmente, Barr\u00eda entreg\u00f3 sus \u201cfelicitaciones al presidente electo, seremos colaboradores de este nuevo mandato, haremos las indicaciones necesarias si algo falta y tambi\u00e9n tendremos la valent\u00eda de rechazar si aparece alguna propuesta que no est\u00e9 relacionada con el sentido com\u00fan de la comunidad y los valores que representaremos en el parlamento. Mucho \u00e9xito y que sea un buen gobierno para Chile\u201d.&nbsp;<\/p>\n","protected":false},"excerpt":{"rendered":"<p>El diputado electo por el distrito 25, H\u00e9ctor Barr\u00eda, se refiri\u00f3 a los temas que deber\u00e1 abarcar el nuevo gobierno de Gabriel Boric e indic\u00f3 que desde el congreso luchar\u00e1n por las demandas y necesidades de los vecinos del campo y la ciudad. \u201cHa ganado la ciudadan\u00eda, la participaci\u00f3n y la democracia. A trav\u00e9s de&#8230;<a class=\"btnReadMore\" href=\"https:\/\/www.semanariolocal.cl\/?p=3648\"> Leer M\u00e1s<\/a><\/p>\n","protected":false},"author":1,"featured_media":3649,"comment_status":"closed","ping_status":"closed","sticky":false,"template":"","format":"standard","meta":{"footnotes":""},"categories":[6],"tags":[],"class_list":["post-3648","post","type-post","status-publish","format-standard","has-post-thumbnail","hentry","category-politica"],"_links":{"self":[{"href":"https:\/\/www.semanariolocal.cl\/index.php?rest_route=\/wp\/v2\/posts\/3648","targetHints":{"allow":["GET"]}}],"collection":[{"href":"https:\/\/www.semanariolocal.cl\/index.php?rest_route=\/wp\/v2\/posts"}],"about":[{"href":"https:\/\/www.semanariolocal.cl\/index.php?rest_route=\/wp\/v2\/types\/post"}],"author":[{"embeddable":true,"href":"https:\/\/www.semanariolocal.cl\/index.php?rest_route=\/wp\/v2\/users\/1"}],"replies":[{"embeddable":true,"href":"https:\/\/www.semanariolocal.cl\/index.php?rest_route=%2Fwp%2Fv2%2Fcomments&post=3648"}],"version-history":[{"count":1,"href":"https:\/\/www.semanariolocal.cl\/index.php?rest_route=\/wp\/v2\/posts\/3648\/revisions"}],"predecessor-version":[{"id":3650,"href":"https:\/\/www.semanariolocal.cl\/index.php?rest_route=\/wp\/v2\/posts\/3648\/revisions\/3650"}],"wp:featuredmedia":[{"embeddable":true,"href":"https:\/\/www.semanariolocal.cl\/index.php?rest_route=\/wp\/v2\/media\/3649"}],"wp:attachment":[{"href":"https:\/\/www.semanariolocal.cl\/index.php?rest_route=%2Fwp%2Fv2%2Fmedia&parent=3648"}],"wp:term":[{"taxonomy":"category","embeddable":true,"href":"https:\/\/www.semanariolocal.cl\/index.php?rest_route=%2Fwp%2Fv2%2Fcategories&post=3648"},{"taxonomy":"post_tag","embeddable":true,"href":"https:\/\/www.semanariolocal.cl\/index.php?rest_route=%2Fwp%2Fv2%2Ftags&post=3648"}],"curies":[{"name":"wp","href":"https:\/\/api.w.org\/{rel}","templated":true}]}}