{"id":3636,"date":"2021-12-25T08:00:00","date_gmt":"2021-12-25T11:00:00","guid":{"rendered":"https:\/\/www.semanariolocal.cl\/?p=3636"},"modified":"2021-12-23T12:30:30","modified_gmt":"2021-12-23T15:30:30","slug":"fundacion-liderazgo-chile-premia-a-figuras-que-contribuyeron-al-bienestar-emocional-del-pais","status":"publish","type":"post","link":"https:\/\/www.semanariolocal.cl\/?p=3636","title":{"rendered":"Fundaci\u00f3n Liderazgo Chile premia a figuras que contribuyeron al bienestar emocional del pa\u00eds"},"content":{"rendered":"\n<p style=\"font-size:17px\"><strong><em>E<\/em><\/strong><em>n la segunda versi\u00f3n de Personas que dejan Huella, la instituci\u00f3n destac\u00f3 a la deportista paraol\u00edmpica Francisca Mardones, a la cantante Denise Rosenthal, al animador Francisco Saavedra, al doctor Sebasti\u00e1n Ugarte y al periodista Julio C\u00e9sar Rodr\u00edguez.<\/em><\/p>\n\n\n\n<p style=\"font-size:17px\">La Fundaci\u00f3n Liderazgo Chile dio a conocer a los galardonados con el premio \u201cPersonas que dejan huella\u201d, iniciativa que busca reconocer la labor de diversas figuras p\u00fablicas por su aporte en la gesti\u00f3n emocional en el pa\u00eds y que en esta segunda versi\u00f3n destac\u00f3 a renombradas personalidades nacionales.<\/p>\n\n\n\n<p style=\"font-size:17px\">El Director Ejecutivo de <a href=\"about:blank\">Fundaci\u00f3n Liderazgo Chile<\/a>, Arnaldo Canales, coment\u00f3 que \u201cpara nosotros es un enorme orgullo galardonar a estos chilenos que, con su trabajo y talento son agentes de cambio, y ejemplo para muchos en esta senda de transformar nuestra sociedad a trav\u00e9s de la entrega de mensajes de esperanza y reflexi\u00f3n\u201d.<\/p>\n\n\n\n<p style=\"font-size:17px\">Este a\u00f1o se reconoci\u00f3 Francisca Mardones, atleta chilena paraol\u00edmpica que entr\u00f3 a la historia del deporte por ser la primera mujer en ganar la presea de oro, considerando los Juegos Ol\u00edmpicos y Paral\u00edmpicos, por su dedicaci\u00f3n, constancia, resiliencia y no rendirse jam\u00e1s ante las adversidades de la vida.<\/p>\n\n\n\n<p style=\"font-size:17px\">Tambi\u00e9n a la cantante, compositora, escritora y actriz chilena Denise Rosenthal, que con sus canciones entrega un mensaje con contenido e incita la sororidad, el empoderamiento, el amor propio y el autoconocimiento para los j\u00f3venes de Chile y Am\u00e9rica Latina, es destacada por su trabajo y arte.<\/p>\n\n\n\n<p style=\"font-size:17px\">Por su aporte en periodo de pandemia, se destac\u00f3 al Doctor Sebasti\u00e1n Ugarte, quien desde el \u00e1rea de la medicina acompa\u00f1\u00f3 a miles de personas a trav\u00e9s de las pantallas y sus redes sociales, velando por el bienestar integral de todos los chilenos, con sus consejos, medidas preventivas y mensajes de esperanza.<\/p>\n\n\n\n<p style=\"font-size:17px\">Por su trato cercano y humano con sus entrevistados y p\u00fablico en general, Francisco Saavedra, se ha destacado por su trabajo en el programa \u201cLugares que hablan\u201d, demostrando gran carisma y talento, siendo un gran comunicador, reconocido en medios de comunicaci\u00f3n y redes sociales, aportando gran emotividad en su relato.<\/p>\n\n\n\n<p style=\"font-size:17px\">Finalmente, Julio C\u00e9sar Rodr\u00edguez, periodista de diferentes programas de radio y televisi\u00f3n, se ha caracterizado por sus an\u00e1lisis de la contingencia y realidad del pa\u00eds, y su gran capacidad de comunicar y representar el sentir de un sector de la sociedad.&nbsp;<\/p>\n\n\n\n<p style=\"font-size:17px\">Es as\u00ed que el 21 de diciembre a partir de las 17 horas se realizar\u00e1 una actividad v\u00eda online a trav\u00e9s de las redes sociales de la Fundaci\u00f3n para entregar este reconocimiento por su aporte a la gesti\u00f3n emocional en el pa\u00eds.&nbsp;&nbsp;<\/p>\n\n\n\n<p style=\"font-size:17px\">M\u00e1s detalles ac\u00e1 <a href=\"about:blank\">https:\/\/www.flich.org\/event\/premio-anual-personas-que-dejan-huella\/<\/a><\/p>\n","protected":false},"excerpt":{"rendered":"<p>En la segunda versi\u00f3n de Personas que dejan Huella, la instituci\u00f3n destac\u00f3 a la deportista paraol\u00edmpica Francisca Mardones, a la cantante Denise Rosenthal, al animador Francisco Saavedra, al doctor Sebasti\u00e1n Ugarte y al periodista Julio C\u00e9sar Rodr\u00edguez. La Fundaci\u00f3n Liderazgo Chile dio a conocer a los galardonados con el premio \u201cPersonas que dejan huella\u201d, iniciativa&#8230;<a class=\"btnReadMore\" href=\"https:\/\/www.semanariolocal.cl\/?p=3636\"> Leer M\u00e1s<\/a><\/p>\n","protected":false},"author":1,"featured_media":3637,"comment_status":"closed","ping_status":"closed","sticky":false,"template":"","format":"standard","meta":{"footnotes":""},"categories":[3],"tags":[],"class_list":["post-3636","post","type-post","status-publish","format-standard","has-post-thumbnail","hentry","category-al-dia"],"_links":{"self":[{"href":"https:\/\/www.semanariolocal.cl\/index.php?rest_route=\/wp\/v2\/posts\/3636","targetHints":{"allow":["GET"]}}],"collection":[{"href":"https:\/\/www.semanariolocal.cl\/index.php?rest_route=\/wp\/v2\/posts"}],"about":[{"href":"https:\/\/www.semanariolocal.cl\/index.php?rest_route=\/wp\/v2\/types\/post"}],"author":[{"embeddable":true,"href":"https:\/\/www.semanariolocal.cl\/index.php?rest_route=\/wp\/v2\/users\/1"}],"replies":[{"embeddable":true,"href":"https:\/\/www.semanariolocal.cl\/index.php?rest_route=%2Fwp%2Fv2%2Fcomments&post=3636"}],"version-history":[{"count":1,"href":"https:\/\/www.semanariolocal.cl\/index.php?rest_route=\/wp\/v2\/posts\/3636\/revisions"}],"predecessor-version":[{"id":3638,"href":"https:\/\/www.semanariolocal.cl\/index.php?rest_route=\/wp\/v2\/posts\/3636\/revisions\/3638"}],"wp:featuredmedia":[{"embeddable":true,"href":"https:\/\/www.semanariolocal.cl\/index.php?rest_route=\/wp\/v2\/media\/3637"}],"wp:attachment":[{"href":"https:\/\/www.semanariolocal.cl\/index.php?rest_route=%2Fwp%2Fv2%2Fmedia&parent=3636"}],"wp:term":[{"taxonomy":"category","embeddable":true,"href":"https:\/\/www.semanariolocal.cl\/index.php?rest_route=%2Fwp%2Fv2%2Fcategories&post=3636"},{"taxonomy":"post_tag","embeddable":true,"href":"https:\/\/www.semanariolocal.cl\/index.php?rest_route=%2Fwp%2Fv2%2Ftags&post=3636"}],"curies":[{"name":"wp","href":"https:\/\/api.w.org\/{rel}","templated":true}]}}