{"id":3631,"date":"2021-12-22T10:39:32","date_gmt":"2021-12-22T13:39:32","guid":{"rendered":"https:\/\/www.semanariolocal.cl\/?p=3631"},"modified":"2021-12-22T10:39:32","modified_gmt":"2021-12-22T13:39:32","slug":"diputada-emilia-nuyado-fue-intervenida-quirurgicamente","status":"publish","type":"post","link":"https:\/\/www.semanariolocal.cl\/?p=3631","title":{"rendered":"Diputada Emilia Nuyado fue intervenida quir\u00fargicamente"},"content":{"rendered":"\n<p style=\"font-size:17px\">Tras complicaciones en su estado de salud que la manten\u00eda hospitalizada, la Diputada del distrito 25, Emilia Nuyado Ancapichun fue intervenida quir\u00fargicamente. Desde su c\u00edrculo m\u00e1s cercano se\u00f1alaron que se encuentra en recuperaci\u00f3n y agradecen los cientos de mensajes de apoyo y cari\u00f1o para su recuperaci\u00f3n.<\/p>\n\n\n\n<p style=\"font-size:17px\">En sus redes sociales se\u00f1alaron <strong>\u201cAgradecemos los cientos de mensajes y saludos dese\u00e1ndole cari\u00f1o y pronta recuperaci\u00f3n a la Diputada Emilia Nuyado, ella les env\u00eda saludos a cada una de las personas que han estado preocupadas por ella\u201d.<\/strong><\/p>\n\n\n\n<p style=\"font-size:17px\">Adem\u00e1s, a trav\u00e9s del mismo mensaje se\u00f1alaron que la legisladora tuvo una intervenci\u00f3n en la ves\u00edcula, motivo por el cual anteriormente tambi\u00e9n se hab\u00eda indicado no podr\u00eda participar de la segunda vuelta presidencial, por lo que a trav\u00e9s de sus redes tambi\u00e9n aprovech\u00f3 de enviarle saludos al nuevo mandatario del pa\u00eds.<\/p>\n\n\n\n<p style=\"font-size:17px\"><strong>\u201cElla tambi\u00e9n env\u00eda sus saludos y felicita al nuevo Presidente <\/strong>electo de Chile, Gabriel Boric\u201d, indican en sus redes. La parlamentaria espera prontamente estar nuevamente en sus funciones para continuar su trabajo legislativo con el carisma que se le conoce.<\/p>\n","protected":false},"excerpt":{"rendered":"<p>Tras complicaciones en su estado de salud que la manten\u00eda hospitalizada, la Diputada del distrito 25, Emilia Nuyado Ancapichun fue intervenida quir\u00fargicamente. Desde su c\u00edrculo m\u00e1s cercano se\u00f1alaron que se encuentra en recuperaci\u00f3n y agradecen los cientos de mensajes de apoyo y cari\u00f1o para su recuperaci\u00f3n. En sus redes sociales se\u00f1alaron \u201cAgradecemos los cientos de&#8230;<a class=\"btnReadMore\" href=\"https:\/\/www.semanariolocal.cl\/?p=3631\"> Leer M\u00e1s<\/a><\/p>\n","protected":false},"author":1,"featured_media":3632,"comment_status":"closed","ping_status":"closed","sticky":false,"template":"","format":"standard","meta":{"footnotes":""},"categories":[3,6],"tags":[],"class_list":["post-3631","post","type-post","status-publish","format-standard","has-post-thumbnail","hentry","category-al-dia","category-politica"],"_links":{"self":[{"href":"https:\/\/www.semanariolocal.cl\/index.php?rest_route=\/wp\/v2\/posts\/3631","targetHints":{"allow":["GET"]}}],"collection":[{"href":"https:\/\/www.semanariolocal.cl\/index.php?rest_route=\/wp\/v2\/posts"}],"about":[{"href":"https:\/\/www.semanariolocal.cl\/index.php?rest_route=\/wp\/v2\/types\/post"}],"author":[{"embeddable":true,"href":"https:\/\/www.semanariolocal.cl\/index.php?rest_route=\/wp\/v2\/users\/1"}],"replies":[{"embeddable":true,"href":"https:\/\/www.semanariolocal.cl\/index.php?rest_route=%2Fwp%2Fv2%2Fcomments&post=3631"}],"version-history":[{"count":1,"href":"https:\/\/www.semanariolocal.cl\/index.php?rest_route=\/wp\/v2\/posts\/3631\/revisions"}],"predecessor-version":[{"id":3633,"href":"https:\/\/www.semanariolocal.cl\/index.php?rest_route=\/wp\/v2\/posts\/3631\/revisions\/3633"}],"wp:featuredmedia":[{"embeddable":true,"href":"https:\/\/www.semanariolocal.cl\/index.php?rest_route=\/wp\/v2\/media\/3632"}],"wp:attachment":[{"href":"https:\/\/www.semanariolocal.cl\/index.php?rest_route=%2Fwp%2Fv2%2Fmedia&parent=3631"}],"wp:term":[{"taxonomy":"category","embeddable":true,"href":"https:\/\/www.semanariolocal.cl\/index.php?rest_route=%2Fwp%2Fv2%2Fcategories&post=3631"},{"taxonomy":"post_tag","embeddable":true,"href":"https:\/\/www.semanariolocal.cl\/index.php?rest_route=%2Fwp%2Fv2%2Ftags&post=3631"}],"curies":[{"name":"wp","href":"https:\/\/api.w.org\/{rel}","templated":true}]}}