{"id":3537,"date":"2021-12-15T10:00:00","date_gmt":"2021-12-15T13:00:00","guid":{"rendered":"https:\/\/www.semanariolocal.cl\/?p=3537"},"modified":"2021-12-16T13:05:59","modified_gmt":"2021-12-16T16:05:59","slug":"boric-y-kast-se-comprometen-con-propuestas-de-transparencia-y-probidad","status":"publish","type":"post","link":"https:\/\/www.semanariolocal.cl\/?p=3537","title":{"rendered":"Boric y Kast se comprometen con propuestas de transparencia y probidad"},"content":{"rendered":"\n<p style=\"font-size:17px\">En un contexto de crisis de confianza en las instituciones, el Consejo para la Transparencia (CPLT) invit\u00f3 a los dos candidatos presidenciales a firmar un \u201cCompromiso por la Transparencia\u201d, en favor de la promoci\u00f3n de este principio y en defensa de la democracia por parte de quienes postulan a la presidencia del pa\u00eds en un contexto clave para los a\u00f1os venideros.<\/p>\n\n\n\n<p style=\"font-size:17px\">La m\u00e1xima representante del CPLT, Gloria de la Fuente, apunt\u00f3 a la relevancia del principio de publicidad y del derecho de acceso a la informaci\u00f3n p\u00fablica como herramientas potentes para el control social de la funci\u00f3n p\u00fablica y para asegurar una correcta rendici\u00f3n de cuentas. Asimismo subray\u00f3 la necesidad de implementar acciones concretas en favor del fortalecimiento de un ecosistema de transparencia e integridad p\u00fablica, por lo que manifest\u00f3 su positiva evaluaci\u00f3n de la se\u00f1al que dieron los candidatos Gabriel Boric y Jos\u00e9 Antonio Kast al suscribir un compromiso p\u00fablico con 16 propuestas planteadas por el Consejo en el marco de su campa\u00f1a #FirmoPorLaTransparencia, difundida a trav\u00e9s de redes sociales.<\/p>\n\n\n\n<p style=\"font-size:17px\"><strong>\u201cLa corrupci\u00f3n no pasa sin dejar huella y amenaza seriamente nuestra democracia\u201d,<\/strong>&nbsp;afirm\u00f3 en este marco la representante del Consejo. Y agreg\u00f3 que los postulantes a la presidencia no s\u00f3lo asumieron con esta campa\u00f1a poner el acento en una tem\u00e1tica de suma relevancia para el pa\u00eds y para el sistema democr\u00e1tico, sino tambi\u00e9n suscribieron una serie de planteamientos en este \u00e1mbito que involucra la presentaci\u00f3n de iniciativas de ley elevar est\u00e1ndares en la materia.<\/p>\n\n\n\n<p style=\"font-size:17px\">Una de las cosas que nos trajo el estallido social, entre muchas otras, fue esta percepci\u00f3n de abuso de poder y uso de la funci\u00f3n p\u00fablica para cometer irregularidades o sacar provecho, dijo De la Fuente. Por ello, y dado que \u201cla transparencia es un pilar fundamental de la democracia y parte importante de la recuperaci\u00f3n de la confianza ciudadana en la institucionalidad requiere de herramientas y mecanismos de transparencia y rendici\u00f3n de cuentas, adem\u00e1s de sanciones adecuadas\u201d, la titular de Transparencia valor\u00f3 que ambas candidaturas hayan asumido este compromiso.<\/p>\n\n\n\n<p style=\"font-size:17px\">En la propuesta, explic\u00f3 De la Fuente, se suscribe \u2013entre otras cuestiones- un compromiso con propuestas que implican avanzar, por ejemplo, en la ampliaci\u00f3n del n\u00famero de instituciones con obligaciones establecidas en la normativa de derecho de acceso a la informaci\u00f3n a todos los organismos del Estado, as\u00ed como elevar controles y est\u00e1ndares en materias de transparencia. As\u00ed se asumir\u00eda la incorporaci\u00f3n como sujetos obligados a los poderes legislativo y judicial y a las entidades con autonom\u00eda constitucional, dado que en la actualidad dichas obligaciones se aplican fundamentalmente a \u00f3rganos de la Administraci\u00f3n del Estado, es decir, quedan fuera instituciones como el Parlamento o el Banco Central.<\/p>\n\n\n\n<p style=\"font-size:17px\">\u201cTenemos que avanzar hacia una cultura de la integridad en lo p\u00fablico, ninguna norma es posible de implementar sin compromiso real de quienes ejercen la funci\u00f3n p\u00fablica. En momentos desafiantes para nuestro pa\u00eds debemos elevar el est\u00e1ndar y para eso se requiere de un acuerdo entre todos y todas\u201d, dijo la presidenta del CPLT.<\/p>\n\n\n\n<p style=\"font-size:17px\"><strong>Avances en el sector privado y respeto a la integridad p\u00fablica<\/strong><\/p>\n\n\n\n<p style=\"font-size:17px\">En el documento del Consejo \u201cCompromiso con la Transparencia, Publicidad y Probidad en el ejercicio de la funci\u00f3n p\u00fablica del Estado\u201d, se propuso a los candidatos garantizar que la informaci\u00f3n p\u00fablica sea accesible a todas las personas<strong>&nbsp;<\/strong>y elevar exigencias en transparencia a instituciones que se desempe\u00f1an en \u00e1reas financiadas \u201csignificativamente con recursos p\u00fablicos\u201d o que cumplen funciones sociales fundamentales. Entre ellas: asociaciones y empresas de car\u00e1cter municipal, universidades, empresas de servicios b\u00e1sicos, partidos pol\u00edticos. Asimismo, se plantea la necesidad de fortalecer el sistema de sanciones si se incumple o vulnera lo establecido por la Ley de Transparencia.<\/p>\n\n\n\n<p style=\"font-size:17px\">Tambi\u00e9n se plante\u00f3 potenciar la Transparencia Activa, es decir, acciones orientadas a aumentar la disposici\u00f3n de informaci\u00f3n de libre acceso de manera permanente, actualizada y automatizada, adem\u00e1s de reforzar el respeto al principio de probidad y a las reglas de integridad. A modo de ejemplo, se menciona poner fin a la denominada \u201c<em>puerta giratoria<\/em>\u201d; reforzar las reglas antinepotismo y perfeccionar la Ley de Lobby.<\/p>\n","protected":false},"excerpt":{"rendered":"<p>De cara a las elecciones de este domingo, los postulantes a La Moneda suscribieron el compromiso de avanzar en 16 propuestas levantadas por el Consejo para la Transparencia (CPLT) y que involucra implementar propuestas legislativas orientadas a reforzar un ecosistema de transparencia e integridad p\u00fablica.<br \/>\nEntre otras, la campa\u00f1a #FirmoPorLaTransparencia contempla ampliar el listado de actores con obligaciones en materia de transparencia que contempla la ley -por ejemplo al Congreso o al Poder Judicial-, as\u00ed como un r\u00e9gimen de sanciones m\u00e1s estricto en caso de vulnerarse el derecho de acceso a informaci\u00f3n p\u00fablica.<\/p>\n","protected":false},"author":1,"featured_media":3538,"comment_status":"closed","ping_status":"closed","sticky":false,"template":"","format":"standard","meta":{"footnotes":""},"categories":[6],"tags":[],"class_list":["post-3537","post","type-post","status-publish","format-standard","has-post-thumbnail","hentry","category-politica"],"_links":{"self":[{"href":"https:\/\/www.semanariolocal.cl\/index.php?rest_route=\/wp\/v2\/posts\/3537","targetHints":{"allow":["GET"]}}],"collection":[{"href":"https:\/\/www.semanariolocal.cl\/index.php?rest_route=\/wp\/v2\/posts"}],"about":[{"href":"https:\/\/www.semanariolocal.cl\/index.php?rest_route=\/wp\/v2\/types\/post"}],"author":[{"embeddable":true,"href":"https:\/\/www.semanariolocal.cl\/index.php?rest_route=\/wp\/v2\/users\/1"}],"replies":[{"embeddable":true,"href":"https:\/\/www.semanariolocal.cl\/index.php?rest_route=%2Fwp%2Fv2%2Fcomments&post=3537"}],"version-history":[{"count":1,"href":"https:\/\/www.semanariolocal.cl\/index.php?rest_route=\/wp\/v2\/posts\/3537\/revisions"}],"predecessor-version":[{"id":3539,"href":"https:\/\/www.semanariolocal.cl\/index.php?rest_route=\/wp\/v2\/posts\/3537\/revisions\/3539"}],"wp:featuredmedia":[{"embeddable":true,"href":"https:\/\/www.semanariolocal.cl\/index.php?rest_route=\/wp\/v2\/media\/3538"}],"wp:attachment":[{"href":"https:\/\/www.semanariolocal.cl\/index.php?rest_route=%2Fwp%2Fv2%2Fmedia&parent=3537"}],"wp:term":[{"taxonomy":"category","embeddable":true,"href":"https:\/\/www.semanariolocal.cl\/index.php?rest_route=%2Fwp%2Fv2%2Fcategories&post=3537"},{"taxonomy":"post_tag","embeddable":true,"href":"https:\/\/www.semanariolocal.cl\/index.php?rest_route=%2Fwp%2Fv2%2Ftags&post=3537"}],"curies":[{"name":"wp","href":"https:\/\/api.w.org\/{rel}","templated":true}]}}