{"id":3534,"date":"2021-12-15T10:55:00","date_gmt":"2021-12-15T13:55:00","guid":{"rendered":"https:\/\/www.semanariolocal.cl\/?p=3534"},"modified":"2021-12-16T12:59:10","modified_gmt":"2021-12-16T15:59:10","slug":"ulagos-ofrecera-concierto-y-recital-poetico-a-beneficio-de-damnificados-en-castro","status":"publish","type":"post","link":"https:\/\/www.semanariolocal.cl\/?p=3534","title":{"rendered":"ULagos ofrecer\u00e1 concierto y recital po\u00e9tico a beneficio de damnificados en Castro"},"content":{"rendered":"\n<p style=\"font-size:17px\">Como un deber \u00e9tico asumi\u00f3 la Universidad de Los Lagos ponerse a disposici\u00f3n de todas las formas posibles para ayudar a la comunidad de Castro afectada por el mega incendio que asol\u00f3 la ciudad, raz\u00f3n por la cual se ha sumado a la campa\u00f1a para reunir ayuda que vaya en beneficio de las familias damnificadas.<\/p>\n\n\n\n<p style=\"font-size:17px\">Es en este contexto que la Academia de Arte y Cultura ha preparado un evento art\u00edstico para la comunidad de Castro y que saldr\u00e1 al mundo a trav\u00e9s del canal de Youtube ULagos TV este viernes 17 de diciembre a las 20:00 horas en el link&nbsp;<a href=\"https:\/\/youtu.be\/hpt3a5nSGZE\" target=\"_blank\" rel=\"noreferrer noopener\">https:\/\/youtu.be\/hpt3a5nSGZE<\/a>.<\/p>\n\n\n\n<p style=\"font-size:17px\">Gladys Moreno, directora de la Academia de Arte y Cultura indic\u00f3 que \u201ccomo cada a\u00f1o la Academia presenta un concierto de fin de a\u00f1o, en esta oportunidad decidimos hacerlo en Chilo\u00e9, y espec\u00edficamente en Castro, con un fin solidario con las familias que lo est\u00e1n pasando mal por esta cat\u00e1strofe. Estaremos ah\u00ed para apoyarlos y juntar toda la ayuda posible junto a los artistas que nos acompa\u00f1ar\u00e1n\u201d.<\/p>\n\n\n\n<p style=\"font-size:17px\">La presentaci\u00f3n art\u00edstica estar\u00e1 a cargo del Ensamble de la Academia de Arte y Cultura junto a la poeta ancuditana Rosabetty Mu\u00f1oz. Se trata de un repertorio que ya fue presentado este a\u00f1o en el marco de la gira internacional realizada por la Universidad de Los Lagos a Santa Cruz de la Sierra, Bolivia junto a la poeta, donde destacan los compositores nacionales, del sur de Chile y los ritmos de ra\u00edz folcl\u00f3rica.<\/p>\n\n\n\n<p style=\"font-size:17px\">Rodrigo D\u00edaz, director del Ensamble de la Academia de Arte y Cultura sostuvo que \u201ccomo elenco hemos hecho una recopilaci\u00f3n de diferentes autor\u00edas regionales y nacionales, ya que el Ensamble apunta a ser una vitrina para la m\u00fasica regional. En todas las presentaciones el comentario general es que el elenco logra captar el ambiente de las creaciones y plasmarlo con \u00e9xito en formato concierto. Ello, sumado a la mixtura con el arte po\u00e9tico de Rosabetty Mu\u00f1oz, genera una perfecta articulaci\u00f3n para que el p\u00fablico perciba una uni\u00f3n entre la m\u00fasica y los poemas\u201d.<\/p>\n\n\n\n<p style=\"font-size:17px\">Quienes deseen asistir al concierto y recital po\u00e9tico, podr\u00e1n hacerlo llevando una donaci\u00f3n en \u00fatiles de aseo a la Sede Chilo\u00e9, ubicada en Ubaldo Mancilla 131, Castro.<\/p>\n","protected":false},"excerpt":{"rendered":"<p>Sum\u00e1ndose a las iniciativas que van en apoyo a la comunidad de Castro damnificada por el mega incendio, la Universidad de Los Lagos ofrecer\u00e1 un concierto y recital po\u00e9tico este viernes 17 a las 20:00 horas, en su nueva sede en Castro.<\/p>\n","protected":false},"author":1,"featured_media":3535,"comment_status":"closed","ping_status":"closed","sticky":false,"template":"","format":"standard","meta":{"footnotes":""},"categories":[10],"tags":[],"class_list":["post-3534","post","type-post","status-publish","format-standard","has-post-thumbnail","hentry","category-cultura"],"_links":{"self":[{"href":"https:\/\/www.semanariolocal.cl\/index.php?rest_route=\/wp\/v2\/posts\/3534","targetHints":{"allow":["GET"]}}],"collection":[{"href":"https:\/\/www.semanariolocal.cl\/index.php?rest_route=\/wp\/v2\/posts"}],"about":[{"href":"https:\/\/www.semanariolocal.cl\/index.php?rest_route=\/wp\/v2\/types\/post"}],"author":[{"embeddable":true,"href":"https:\/\/www.semanariolocal.cl\/index.php?rest_route=\/wp\/v2\/users\/1"}],"replies":[{"embeddable":true,"href":"https:\/\/www.semanariolocal.cl\/index.php?rest_route=%2Fwp%2Fv2%2Fcomments&post=3534"}],"version-history":[{"count":1,"href":"https:\/\/www.semanariolocal.cl\/index.php?rest_route=\/wp\/v2\/posts\/3534\/revisions"}],"predecessor-version":[{"id":3536,"href":"https:\/\/www.semanariolocal.cl\/index.php?rest_route=\/wp\/v2\/posts\/3534\/revisions\/3536"}],"wp:featuredmedia":[{"embeddable":true,"href":"https:\/\/www.semanariolocal.cl\/index.php?rest_route=\/wp\/v2\/media\/3535"}],"wp:attachment":[{"href":"https:\/\/www.semanariolocal.cl\/index.php?rest_route=%2Fwp%2Fv2%2Fmedia&parent=3534"}],"wp:term":[{"taxonomy":"category","embeddable":true,"href":"https:\/\/www.semanariolocal.cl\/index.php?rest_route=%2Fwp%2Fv2%2Fcategories&post=3534"},{"taxonomy":"post_tag","embeddable":true,"href":"https:\/\/www.semanariolocal.cl\/index.php?rest_route=%2Fwp%2Fv2%2Ftags&post=3534"}],"curies":[{"name":"wp","href":"https:\/\/api.w.org\/{rel}","templated":true}]}}