{"id":3519,"date":"2021-12-14T10:11:00","date_gmt":"2021-12-14T13:11:00","guid":{"rendered":"https:\/\/www.semanariolocal.cl\/?p=3519"},"modified":"2021-12-15T12:14:14","modified_gmt":"2021-12-15T15:14:14","slug":"vallespin-por-incendio-en-castro-estamos-trabajando-para-dar-respuestas-concretas","status":"publish","type":"post","link":"https:\/\/www.semanariolocal.cl\/?p=3519","title":{"rendered":"Vallesp\u00edn por incendio en Castro: \u201cestamos trabajando para dar respuestas concretas\u201d"},"content":{"rendered":"\n<p style=\"font-size:17px\">Este lunes se reuni\u00f3 en Chilo\u00e9 el gobernador regional, Patricio Vallespin, con la ministra de Desarrollo Social y Familia, Karla Rubilar, el alcalde de Castro, Juan Eduardo Vera, el delegado presidencial regional, Carlos Geisse, y representantes de varios servicios p\u00fablicos, para continuar trabajando en la coordinaci\u00f3n de las obras a realizar en beneficio de los vecinos damnificados por el gran incendio de Castro.<\/p>\n\n\n\n<p style=\"font-size:17px\">Patricio Vallespin, gobernador regional de Los Lagos, dijo que \u201cestamos trabajando coordinadamente con todas las instituciones para que los requerimientos que se han ido identificando vayan siendo abordados de manera eficiente, con el di\u00e1logo de los vecinos hay temas que fueron apareciendo y que se han ido incorporando en la agenda. Quiero valorar much\u00edsimo el trabajo que ha liderado desde el municipio el alcalde, porque se ha hecho en tiempo r\u00e9cord la remoci\u00f3n de escombros en un trabajo mancomunado con el sector privado que aport\u00f3\u201d.<\/p>\n\n\n\n<p style=\"font-size:17px\">\u201cQueremos generar un modelo de c\u00f3mo hacer de verdad un proceso de reconstrucci\u00f3n, en una situaci\u00f3n focalizada, puntual, pero grande y que se est\u00e1 haciendo de manera adecuada. Hemos tenido una reuni\u00f3n con el ministro de Vivienda y nos ha informado que este jueves estar\u00e1 ac\u00e1 donde trabajaremos desde el punto de vista t\u00e9cnico para ver c\u00f3mo se va abordar el tema de las viviendas de manera integral y quiz\u00e1s crear un modelo distinto para reconstruir. Para visibilizar esto, esperamos aprobar este mi\u00e9rcoles los $2.000 millones para ponerlos a disposici\u00f3n de esta emergencia\u201d, agreg\u00f3 el gobernador. &nbsp;<\/p>\n\n\n\n<p style=\"font-size:17px\">La m\u00e1xima autoridad regional finaliz\u00f3 diciendo que \u201ctodo lo que se dispuso en las primeras reuniones se ha ido cumpliendo y las cosas se est\u00e1n haciendo bien, agradezco la presencia de la ministra Rubilar quien est\u00e1 cumpliendo con su compromiso y ha hecho importantes anuncios para nuestra gente. Estamos conversando con los vecinos de tal forma de recoger los temas que no est\u00e1n siendo abordados. Mi impresi\u00f3n es que cuando se coordinan las instituciones regionales y nacionales y se toman en cuenta los requerimientos desde los territorios podemos avanzar en la soluci\u00f3n concreta para los vecinos.\u201d<\/p>\n","protected":false},"excerpt":{"rendered":"<p>Este lunes se reuni\u00f3 en Chilo\u00e9 el gobernador regional, Patricio Vallespin, con la ministra de Desarrollo Social y Familia, Karla Rubilar, el alcalde de Castro, Juan Eduardo Vera, el delegado presidencial regional, Carlos Geisse, y representantes de varios servicios p\u00fablicos, para continuar trabajando en la coordinaci\u00f3n de las obras a realizar en beneficio de los&#8230;<a class=\"btnReadMore\" href=\"https:\/\/www.semanariolocal.cl\/?p=3519\"> Leer M\u00e1s<\/a><\/p>\n","protected":false},"author":1,"featured_media":3520,"comment_status":"closed","ping_status":"closed","sticky":false,"template":"","format":"standard","meta":{"footnotes":""},"categories":[3],"tags":[],"class_list":["post-3519","post","type-post","status-publish","format-standard","has-post-thumbnail","hentry","category-al-dia"],"_links":{"self":[{"href":"https:\/\/www.semanariolocal.cl\/index.php?rest_route=\/wp\/v2\/posts\/3519","targetHints":{"allow":["GET"]}}],"collection":[{"href":"https:\/\/www.semanariolocal.cl\/index.php?rest_route=\/wp\/v2\/posts"}],"about":[{"href":"https:\/\/www.semanariolocal.cl\/index.php?rest_route=\/wp\/v2\/types\/post"}],"author":[{"embeddable":true,"href":"https:\/\/www.semanariolocal.cl\/index.php?rest_route=\/wp\/v2\/users\/1"}],"replies":[{"embeddable":true,"href":"https:\/\/www.semanariolocal.cl\/index.php?rest_route=%2Fwp%2Fv2%2Fcomments&post=3519"}],"version-history":[{"count":1,"href":"https:\/\/www.semanariolocal.cl\/index.php?rest_route=\/wp\/v2\/posts\/3519\/revisions"}],"predecessor-version":[{"id":3521,"href":"https:\/\/www.semanariolocal.cl\/index.php?rest_route=\/wp\/v2\/posts\/3519\/revisions\/3521"}],"wp:featuredmedia":[{"embeddable":true,"href":"https:\/\/www.semanariolocal.cl\/index.php?rest_route=\/wp\/v2\/media\/3520"}],"wp:attachment":[{"href":"https:\/\/www.semanariolocal.cl\/index.php?rest_route=%2Fwp%2Fv2%2Fmedia&parent=3519"}],"wp:term":[{"taxonomy":"category","embeddable":true,"href":"https:\/\/www.semanariolocal.cl\/index.php?rest_route=%2Fwp%2Fv2%2Fcategories&post=3519"},{"taxonomy":"post_tag","embeddable":true,"href":"https:\/\/www.semanariolocal.cl\/index.php?rest_route=%2Fwp%2Fv2%2Ftags&post=3519"}],"curies":[{"name":"wp","href":"https:\/\/api.w.org\/{rel}","templated":true}]}}