{"id":3496,"date":"2021-12-13T18:34:47","date_gmt":"2021-12-13T21:34:47","guid":{"rendered":"https:\/\/www.semanariolocal.cl\/?p=3496"},"modified":"2021-12-13T18:34:47","modified_gmt":"2021-12-13T21:34:47","slug":"municipio-osornino-abre-segunda-farmacia-popular-esta-vez-en-rahue-bajo","status":"publish","type":"post","link":"https:\/\/www.semanariolocal.cl\/?p=3496","title":{"rendered":"Municipio osornino abre segunda farmacia popular: Esta vez en Rahue Bajo"},"content":{"rendered":"\n<p style=\"font-size:17px\">Mucho m\u00e1s amplia yrodeada por la Plaza Iquiquese encuentra emplazada la Farmacia Vecina de Rahue, nueva obra para Osorno que se construy\u00f3 con la finalidad de descongestionar su similar ubicada en el centro de la ciudad, y as\u00ed disminuir las largas filas o tiempos de espera de los usuarios.<\/p>\n\n\n\n<p style=\"font-size:17px\">Al respecto, el alcalde Emeterio Carrillo dijo que con la apertura de esta segunda farmacia vecina se da un claro ejemplo del compromiso municipal por trabajar en la construcci\u00f3n de obras con sentido social, donde la ciudadan\u00eda sea siempre el foco principal, <em>\u201cprimordialmente a favor de nuestros adultos mayores, y considerando que sin salud no hay calidad de vida.\u201d,<\/em> coment\u00f3.<\/p>\n\n\n\n<p style=\"font-size:17px\">La autoridad comunal agreg\u00f3 que esta infraestructura es el m\u00e1s claro ejemplo de la preocupaci\u00f3n que tiene su administraci\u00f3n edilicia por ofrecer adelantos a los vecinos de Rahue, de all\u00ed tambi\u00e9n la lucha por conseguir ante el Ministerio de Salud inversi\u00f3n para construir un hospital de mediana complejidad en ese sector y el mejoramiento del Cesfam Doctor Pedro J\u00e1uregui, entre otros nuevos proyectos.&nbsp;<\/p>\n\n\n\n<p style=\"font-size:17px\">La obra inaugurada considera una inversi\u00f3n cien por ciento municipal, de&nbsp;poco m\u00e1s de $258 millones&nbsp;pesos, y&nbsp;permitir\u00e1 que los habitantes de Rahue, y de otras zonas de Osorno, puedan adquirir sus f\u00e1rmacos, y otros productos como pa\u00f1ales; vitaminas y leche, a precios m\u00e1s baratos y sin necesidad de tener que trasladarse al centro de la comuna.<\/p>\n\n\n\n<p style=\"font-size:17px\">La presidenta de la Uni\u00f3n Comunal de Juntas de Vecinos, Eliana Catrilef, manifest\u00f3 su felicidad tras participar de la apertura de la Farmacia Vecina de Rahue, destacando la amplitud del recinto y que con la puesta en marcha del lugar se lograr\u00e1 descongestionar la &nbsp;<\/p>\n\n\n\n<p style=\"font-size:17px\">La nueva infraestructura de salud es de piso, de 265 metros cuadrados, y cuenta con \u00e1rea de atenci\u00f3n al p\u00fablico, sala de espera, bodega, servicios higi\u00e9nicos y estacionamiento.<\/p>\n\n\n\n<p style=\"font-size:17px\">Su personal lo integran en total 16 personas, entre profesionales qu\u00edmico farmac\u00e9utico, t\u00e9cnicos param\u00e9dicos, adem\u00e1s de funcionarios administrativos a cargo de las ventas, auxiliares de servicio y guardias de seguridad.<\/p>\n\n\n\n<p style=\"font-size:17px\">Al respecto, la profesional a cargo, Mar\u00eda Jos\u00e9 Iturra, se\u00f1al\u00f3 que los medicamentos m\u00e1s solicitados son aquellos para el uso cr\u00f3nico, enfatizando que en este lugar pueden comprar las personas con residencia en cualquier punto de la comuna de Osorno, presentando un documento que compruebe su domicilio, su receta m\u00e9dica y la c\u00e9dula nacional de identidad. Los que ya est\u00e9n inscritos en la otra farmacia vecina no requieren corroborar domicilio en este lugar.<\/p>\n","protected":false},"excerpt":{"rendered":"<p>La nueva Farmacia Vecina de Osorno est\u00e1 ubicada en Avenida Rep\u00fablica #296, sector de Rahue Bajo, y abri\u00f3 este 13 de diciembre. Atender\u00e1 de lunes a jueves entre las 9.00 a 18.00 horas, los viernes de 9.00 a 17.00 horas y s\u00e1bados entre 10.00 a 13.00 horas. <\/p>\n","protected":false},"author":1,"featured_media":3497,"comment_status":"closed","ping_status":"closed","sticky":false,"template":"","format":"standard","meta":{"footnotes":""},"categories":[3],"tags":[],"class_list":["post-3496","post","type-post","status-publish","format-standard","has-post-thumbnail","hentry","category-al-dia"],"_links":{"self":[{"href":"https:\/\/www.semanariolocal.cl\/index.php?rest_route=\/wp\/v2\/posts\/3496","targetHints":{"allow":["GET"]}}],"collection":[{"href":"https:\/\/www.semanariolocal.cl\/index.php?rest_route=\/wp\/v2\/posts"}],"about":[{"href":"https:\/\/www.semanariolocal.cl\/index.php?rest_route=\/wp\/v2\/types\/post"}],"author":[{"embeddable":true,"href":"https:\/\/www.semanariolocal.cl\/index.php?rest_route=\/wp\/v2\/users\/1"}],"replies":[{"embeddable":true,"href":"https:\/\/www.semanariolocal.cl\/index.php?rest_route=%2Fwp%2Fv2%2Fcomments&post=3496"}],"version-history":[{"count":1,"href":"https:\/\/www.semanariolocal.cl\/index.php?rest_route=\/wp\/v2\/posts\/3496\/revisions"}],"predecessor-version":[{"id":3498,"href":"https:\/\/www.semanariolocal.cl\/index.php?rest_route=\/wp\/v2\/posts\/3496\/revisions\/3498"}],"wp:featuredmedia":[{"embeddable":true,"href":"https:\/\/www.semanariolocal.cl\/index.php?rest_route=\/wp\/v2\/media\/3497"}],"wp:attachment":[{"href":"https:\/\/www.semanariolocal.cl\/index.php?rest_route=%2Fwp%2Fv2%2Fmedia&parent=3496"}],"wp:term":[{"taxonomy":"category","embeddable":true,"href":"https:\/\/www.semanariolocal.cl\/index.php?rest_route=%2Fwp%2Fv2%2Fcategories&post=3496"},{"taxonomy":"post_tag","embeddable":true,"href":"https:\/\/www.semanariolocal.cl\/index.php?rest_route=%2Fwp%2Fv2%2Ftags&post=3496"}],"curies":[{"name":"wp","href":"https:\/\/api.w.org\/{rel}","templated":true}]}}