{"id":3487,"date":"2021-12-13T08:13:00","date_gmt":"2021-12-13T11:13:00","guid":{"rendered":"https:\/\/www.semanariolocal.cl\/?p=3487"},"modified":"2021-12-13T18:16:31","modified_gmt":"2021-12-13T21:16:31","slug":"jose-antonio-kast-chile-del-futuro-se-construye-con-nuestros-pueblos-ancestrales","status":"publish","type":"post","link":"https:\/\/www.semanariolocal.cl\/?p=3487","title":{"rendered":"Jos\u00e9 Antonio Kast: Chile del futuro se construye con nuestros pueblos ancestrales"},"content":{"rendered":"\n<p style=\"font-size:17px\">El candidato presidencial Jos\u00e9 Antonio Kast se reuni\u00f3 con militantes de Renovaci\u00f3n Nacional de diversos pueblos originarios. El encuentro se llev\u00f3 a cabo en la sede del partido y fue encabezado por el presidente de RN, Francisco Chahu\u00e1n,&nbsp; el secretario general, Diego Schalper y la vicepresidenta de Pueblos Originarios, Claudia Unicahu\u00edn.<\/p>\n\n\n\n<p style=\"font-size:17px\">En la ocasi\u00f3n, el senador Chahu\u00e1n afirm\u00f3 que&nbsp;<strong>\u00abRenovaci\u00f3n Nacional es el partido con m\u00e1s representantes de pueblos originarios en nuestro pa\u00eds, con m\u00e1s de 1.500 militantes desplegados desde Arica a Magallanes para que Jos\u00e9 Antonio Kast gane el pr\u00f3ximo domingo. Le hemos pedido a nuestro candidato que la agenda de pueblos originarios sea uno de los pilares de su futuro Gobierno. Eso implica el reconocimiento constitucional de los pueblos originarios, de sus lenguas, de sus pr\u00e1cticas culturales y deportivas. Por eso le hemos pedido que la escucha activa y la consulta a los pueblos originarios tambi\u00e9n sea un elemento central del desarrollo de Chile\u00bb<\/strong>.<\/p>\n\n\n\n<p style=\"font-size:17px\">Mientras que la vicepresidenta de Pueblos Originarios de RN, Claudia Unicahuin, asever\u00f3 que&nbsp;<strong>\u00abnosotros hemos acogido a nuestro futuro Presidente de Chile porque estamos convencidos que somos parte de la historia, pero tambi\u00e9n del presente y del futuro. Por eso nos hemos reunido para derribar mitos y paradigmas. Le hemos hecho una petici\u00f3n a Jos\u00e9 Antonio: que las pol\u00edticas p\u00fablicas en su futuro gobierno sean interculturales, con nosotros y que no vengan impuestas desde Santiago\u00bb<\/strong>.<\/p>\n\n\n\n<p style=\"font-size:17px\">Por su parte, Jos\u00e9 Antonio Kast agradeci\u00f3 a&nbsp;<strong>\u00abRenovaci\u00f3n Nacional, el partido que tiene la mayor representaci\u00f3n en todos los \u00e1mbitos de nuestra pol\u00edtica nacional. Es el partido m\u00e1s grande y como tal, agradezco la generosidad, la colaboraci\u00f3n y el despliegue que han realizado para instalar nuestro mensaje. No hay futuro sin historia. No podemos proyectar ese Chile del futuro que queremos, si no reconocemos a nuestros pueblos ancestrales. Uno en esto tambi\u00e9n va creciendo y va acogiendo los planteamientos\u00bb<\/strong>.<\/p>\n\n\n\n<p style=\"font-size:17px\">Asimismo, agreg\u00f3 que&nbsp;<strong>\u00abclaramente acojo el planteamiento que los pueblos originarios nos hacen de que el Decreto 169 bien empleado, usado por aquellos que quieren el bien de Chile, no por aquellos que quieren politizar a nuestros pueblos originarios, claramente ser\u00e1 un factor de desarrollo y progreso. Lo quiero hacer en este ambiente de integraci\u00f3n, di\u00e1logo, de construcci\u00f3n de un futuro mejor, dejando de lado a los violentistas, a los intolerantes, a aquellos que recorren el mundo -muchas veces- planteando solamente una mirada. Este compromiso lo vamos a sacar adelante con prioridad y tambi\u00e9n hemos recogido el planteamiento de que las instituciones que representan y que llevan adelante las pol\u00edticas del Estado hacia nuestros pueblos ancestrales tienen que ser dirigidas por l\u00edderes de los pueblos ancestrales originarios\u201d<\/strong>.<\/p>\n","protected":false},"excerpt":{"rendered":"<p>El candidato presidencial Jos\u00e9 Antonio Kast se reuni\u00f3 con militantes de Renovaci\u00f3n Nacional de diversos pueblos originarios. El encuentro se llev\u00f3 a cabo en la sede del partido y fue encabezado por el presidente de RN, Francisco Chahu\u00e1n,&nbsp; el secretario general, Diego Schalper y la vicepresidenta de Pueblos Originarios, Claudia Unicahu\u00edn. En la ocasi\u00f3n, el&#8230;<a class=\"btnReadMore\" href=\"https:\/\/www.semanariolocal.cl\/?p=3487\"> Leer M\u00e1s<\/a><\/p>\n","protected":false},"author":1,"featured_media":3488,"comment_status":"closed","ping_status":"closed","sticky":false,"template":"","format":"standard","meta":{"footnotes":""},"categories":[6],"tags":[],"class_list":["post-3487","post","type-post","status-publish","format-standard","has-post-thumbnail","hentry","category-politica"],"_links":{"self":[{"href":"https:\/\/www.semanariolocal.cl\/index.php?rest_route=\/wp\/v2\/posts\/3487","targetHints":{"allow":["GET"]}}],"collection":[{"href":"https:\/\/www.semanariolocal.cl\/index.php?rest_route=\/wp\/v2\/posts"}],"about":[{"href":"https:\/\/www.semanariolocal.cl\/index.php?rest_route=\/wp\/v2\/types\/post"}],"author":[{"embeddable":true,"href":"https:\/\/www.semanariolocal.cl\/index.php?rest_route=\/wp\/v2\/users\/1"}],"replies":[{"embeddable":true,"href":"https:\/\/www.semanariolocal.cl\/index.php?rest_route=%2Fwp%2Fv2%2Fcomments&post=3487"}],"version-history":[{"count":1,"href":"https:\/\/www.semanariolocal.cl\/index.php?rest_route=\/wp\/v2\/posts\/3487\/revisions"}],"predecessor-version":[{"id":3489,"href":"https:\/\/www.semanariolocal.cl\/index.php?rest_route=\/wp\/v2\/posts\/3487\/revisions\/3489"}],"wp:featuredmedia":[{"embeddable":true,"href":"https:\/\/www.semanariolocal.cl\/index.php?rest_route=\/wp\/v2\/media\/3488"}],"wp:attachment":[{"href":"https:\/\/www.semanariolocal.cl\/index.php?rest_route=%2Fwp%2Fv2%2Fmedia&parent=3487"}],"wp:term":[{"taxonomy":"category","embeddable":true,"href":"https:\/\/www.semanariolocal.cl\/index.php?rest_route=%2Fwp%2Fv2%2Fcategories&post=3487"},{"taxonomy":"post_tag","embeddable":true,"href":"https:\/\/www.semanariolocal.cl\/index.php?rest_route=%2Fwp%2Fv2%2Ftags&post=3487"}],"curies":[{"name":"wp","href":"https:\/\/api.w.org\/{rel}","templated":true}]}}