{"id":3484,"date":"2021-12-13T08:06:00","date_gmt":"2021-12-13T11:06:00","guid":{"rendered":"https:\/\/www.semanariolocal.cl\/?p=3484"},"modified":"2021-12-13T18:08:21","modified_gmt":"2021-12-13T21:08:21","slug":"firman-acuerdo-provincial-de-gestion-de-residuos-solidos-domiciliarios-para-chiloe","status":"publish","type":"post","link":"https:\/\/www.semanariolocal.cl\/?p=3484","title":{"rendered":"Firman acuerdo provincial de gesti\u00f3n de residuos s\u00f3lidos domiciliarios para Chilo\u00e9"},"content":{"rendered":"\n<p style=\"font-size:17px\">Patricio Vallespin, gobernador regional de Los Lagos, explic\u00f3 que \u201cse ha complementado con un esfuerzo adicional de que los alcaldes constituyeran una asociaci\u00f3n que va a facilitar la implementaci\u00f3n de esta estrategia en materia de residuos y habla bien de lo que queremos en esta provincia, todos trabajando unidos para que marquemos la pauta. Estamos contentos de que haya estado el ministro de Medio Ambiente y la Subsecretaria de Desarrollo Regional, lo que habla de que ac\u00e1 hay un trabajo interinstitucional que esperamos sea coronado despu\u00e9s con acuerdos de trabajo espec\u00edfico con los municipios para tener definitivamente un manejo integral de los residuos s\u00f3lidos en la provincia de Chilo\u00e9\u201d.<\/p>\n\n\n\n<p style=\"font-size:17px\">El acuerdo es una hoja de ruta que surge del compromiso con el desarrollo sustentable de las instituciones p\u00fablicas que conforman el Comit\u00e9 T\u00e9cnico Operativo para la gesti\u00f3n de los residuos s\u00f3lidos domiciliarios en la regi\u00f3n de Los Lagos, los actores territoriales, los equipos t\u00e9cnicos de las diez municipalidades de la provincia, la asociaci\u00f3n de Municipalidades de Chilo\u00e9 y de la comunidad.<\/p>\n\n\n\n<p style=\"font-size:17px\">El ministro de Medio Ambiente, Javier Naranjo, dijo que \u201cestamos haciendo entrega de la estrategia Chilo\u00e9 Reduce, que ha sido un trabajo participativo y colaborativo donde ha trabajado el Gobierno Regional, la Subsecretar\u00eda de Desarrollo Regional y el Ministerio de Medio Ambiente con el af\u00e1n de poder llevar una estrategia que permita al archipi\u00e9lago de Chilo\u00e9 por fin dar soluci\u00f3n definitiva al problema de los residuos. Ha sido clave la uni\u00f3n que hemos logrado tener entre las diferentes instituciones p\u00fablicas, el trabajo de los alcaldes y la ciudadan\u00eda de Chilo\u00e9\u201d.<\/p>\n\n\n\n<p style=\"font-size:17px\">En tanto, Mar\u00eda Paz Troncoso, subsecretaria de Desarrollo Regional, agreg\u00f3 que \u201cesta estrategia se basa en principios de econom\u00eda circular lo que permitir\u00e1 lograr una soluci\u00f3n definitiva para el manejo de los residuos que es una de las materias m\u00e1s cr\u00edticas que enfrentan los territorios\u201d.<\/p>\n\n\n\n<p style=\"font-size:17px\">Para esta estrategia se cont\u00f3 con el aporte central del Programa de las Naciones Unidas para el Desarrollo y el Gran Ducado de Luxemburgo, los cuales han puesto a disposici\u00f3n capacidades t\u00e9cnicas y recursos financieros, facilitando diferentes instancias que han permitido aunar posiciones, criterios y avanzar en la toma de decisiones en esta materia.<\/p>\n","protected":false},"excerpt":{"rendered":"<p>Los diez alcaldes de la provincia de Chilo\u00e9 junto al ministro de Medio Ambiente, la subsecretaria de Desarrollo Regional y el gobernador regional firmaron el acuerdo de la estrategia territorial para la prevenci\u00f3n y gesti\u00f3n de residuos s\u00f3lidos domiciliarios en la provincia de Chilo\u00e9.<\/p>\n","protected":false},"author":1,"featured_media":3485,"comment_status":"closed","ping_status":"closed","sticky":false,"template":"","format":"standard","meta":{"footnotes":""},"categories":[3],"tags":[],"class_list":["post-3484","post","type-post","status-publish","format-standard","has-post-thumbnail","hentry","category-al-dia"],"_links":{"self":[{"href":"https:\/\/www.semanariolocal.cl\/index.php?rest_route=\/wp\/v2\/posts\/3484","targetHints":{"allow":["GET"]}}],"collection":[{"href":"https:\/\/www.semanariolocal.cl\/index.php?rest_route=\/wp\/v2\/posts"}],"about":[{"href":"https:\/\/www.semanariolocal.cl\/index.php?rest_route=\/wp\/v2\/types\/post"}],"author":[{"embeddable":true,"href":"https:\/\/www.semanariolocal.cl\/index.php?rest_route=\/wp\/v2\/users\/1"}],"replies":[{"embeddable":true,"href":"https:\/\/www.semanariolocal.cl\/index.php?rest_route=%2Fwp%2Fv2%2Fcomments&post=3484"}],"version-history":[{"count":1,"href":"https:\/\/www.semanariolocal.cl\/index.php?rest_route=\/wp\/v2\/posts\/3484\/revisions"}],"predecessor-version":[{"id":3486,"href":"https:\/\/www.semanariolocal.cl\/index.php?rest_route=\/wp\/v2\/posts\/3484\/revisions\/3486"}],"wp:featuredmedia":[{"embeddable":true,"href":"https:\/\/www.semanariolocal.cl\/index.php?rest_route=\/wp\/v2\/media\/3485"}],"wp:attachment":[{"href":"https:\/\/www.semanariolocal.cl\/index.php?rest_route=%2Fwp%2Fv2%2Fmedia&parent=3484"}],"wp:term":[{"taxonomy":"category","embeddable":true,"href":"https:\/\/www.semanariolocal.cl\/index.php?rest_route=%2Fwp%2Fv2%2Fcategories&post=3484"},{"taxonomy":"post_tag","embeddable":true,"href":"https:\/\/www.semanariolocal.cl\/index.php?rest_route=%2Fwp%2Fv2%2Ftags&post=3484"}],"curies":[{"name":"wp","href":"https:\/\/api.w.org\/{rel}","templated":true}]}}