{"id":3481,"date":"2021-12-13T08:01:00","date_gmt":"2021-12-13T11:01:00","guid":{"rendered":"https:\/\/www.semanariolocal.cl\/?p=3481"},"modified":"2021-12-13T18:03:34","modified_gmt":"2021-12-13T21:03:34","slug":"municipalidad-de-san-pablo-y-junji-mejoraran-instalaciones-de-jardin-infantil","status":"publish","type":"post","link":"https:\/\/www.semanariolocal.cl\/?p=3481","title":{"rendered":"Municipalidad de San Pablo y Junji mejorar\u00e1n instalaciones de Jard\u00edn Infantil"},"content":{"rendered":"\n<p style=\"font-size:17px\">El proyecto contempla la intervenci\u00f3n de los cierres perimetrales, habilitaci\u00f3n de salas de primeros auxilios, ampliaci\u00f3n de comedor, mantenci\u00f3n y reparaci\u00f3n de sistemas de aguas lluvias, reposici\u00f3n de pavimento y arreglos de infraestructura en mal estado.<\/p>\n\n\n\n<p style=\"font-size:17px\">Adem\u00e1s, de la construcci\u00f3n de una bodega regularizada, la instalaci\u00f3n de sistema de calefacci\u00f3n con climatizadores, habilitaci\u00f3n de estacionamiento y ba\u00f1o universales, entre otras mejoras en infraestructura.<\/p>\n\n\n\n<p style=\"font-size:17px\">El objetivo de este convenio -que entrega 80 millones 497 mil pesos al jard\u00edn infantil \u201cLos Cerezos\u201d- apoyar\u00e1 el proceso t\u00e9cnico de Reconocimiento Oficial (RO) exigido por el Estado y cuyas obras tienen como objetivo principal mejorar el ambiente educativo y la calidad de vida de los p\u00e1rvulos del jard\u00edn infantil.<\/p>\n\n\n\n<p style=\"font-size:17px\">En la ceremonia estuvieron presente el alcalde de San Pablo, Juan Carlos Soto; el director regional de&nbsp;Junji, Eduardo Hern\u00e1ndez; los concejales Richard Albrecht y Fabi\u00e1n Cort\u00e9s, la jefa de DAEM, Jeannette Cuevas, la coordinadora provincial de la&nbsp;Junji&nbsp;Osorno, Claudia Horning, la directora del Jard\u00edn Infantil y Sala Cuna Los Cerezos, Mirna Cano, y funcionarios de Secplan.<\/p>\n\n\n\n<p style=\"font-size:17px\">\u201cEstos recursos van a entregar mayor tranquilidad y seguridades a las familias, ya que la infraestructura es considerada un tercer educador y donde se podr\u00e1 entregar una educaci\u00f3n de calidad y m\u00e1s integral a nuestras ni\u00f1as y ni\u00f1os\u201d, destac\u00f3 la autoridad de&nbsp;JUNJI, Eduardo Hernandez.<\/p>\n","protected":false},"excerpt":{"rendered":"<p>El importante convenio transfiere m\u00e1s de $80 millones a la unidad educativa V\u00eda Transferencia de Fondos \u201cLos Cerezos\u201d de calle Paglieta #768 y el cual beneficiar\u00e1 a 50 ni\u00f1os y ni\u00f1as de la comuna.<\/p>\n","protected":false},"author":1,"featured_media":3482,"comment_status":"closed","ping_status":"closed","sticky":false,"template":"","format":"standard","meta":{"footnotes":""},"categories":[11],"tags":[],"class_list":["post-3481","post","type-post","status-publish","format-standard","has-post-thumbnail","hentry","category-educacion"],"_links":{"self":[{"href":"https:\/\/www.semanariolocal.cl\/index.php?rest_route=\/wp\/v2\/posts\/3481","targetHints":{"allow":["GET"]}}],"collection":[{"href":"https:\/\/www.semanariolocal.cl\/index.php?rest_route=\/wp\/v2\/posts"}],"about":[{"href":"https:\/\/www.semanariolocal.cl\/index.php?rest_route=\/wp\/v2\/types\/post"}],"author":[{"embeddable":true,"href":"https:\/\/www.semanariolocal.cl\/index.php?rest_route=\/wp\/v2\/users\/1"}],"replies":[{"embeddable":true,"href":"https:\/\/www.semanariolocal.cl\/index.php?rest_route=%2Fwp%2Fv2%2Fcomments&post=3481"}],"version-history":[{"count":1,"href":"https:\/\/www.semanariolocal.cl\/index.php?rest_route=\/wp\/v2\/posts\/3481\/revisions"}],"predecessor-version":[{"id":3483,"href":"https:\/\/www.semanariolocal.cl\/index.php?rest_route=\/wp\/v2\/posts\/3481\/revisions\/3483"}],"wp:featuredmedia":[{"embeddable":true,"href":"https:\/\/www.semanariolocal.cl\/index.php?rest_route=\/wp\/v2\/media\/3482"}],"wp:attachment":[{"href":"https:\/\/www.semanariolocal.cl\/index.php?rest_route=%2Fwp%2Fv2%2Fmedia&parent=3481"}],"wp:term":[{"taxonomy":"category","embeddable":true,"href":"https:\/\/www.semanariolocal.cl\/index.php?rest_route=%2Fwp%2Fv2%2Fcategories&post=3481"},{"taxonomy":"post_tag","embeddable":true,"href":"https:\/\/www.semanariolocal.cl\/index.php?rest_route=%2Fwp%2Fv2%2Ftags&post=3481"}],"curies":[{"name":"wp","href":"https:\/\/api.w.org\/{rel}","templated":true}]}}