{"id":3471,"date":"2021-12-11T23:22:03","date_gmt":"2021-12-12T02:22:03","guid":{"rendered":"https:\/\/www.semanariolocal.cl\/?p=3471"},"modified":"2021-12-11T23:22:32","modified_gmt":"2021-12-12T02:22:32","slug":"constituyente-harry-jurgensen-busca-patrocinio-para-propuestas-de-normas","status":"publish","type":"post","link":"https:\/\/www.semanariolocal.cl\/?p=3471","title":{"rendered":"Constituyente Harry J\u00fcrgensen busca patrocinio para propuestas de Normas"},"content":{"rendered":"\n<p style=\"font-size:17px\">Un llamado a la comunidad realiz\u00f3 el convencional del distrito 25, Harry J\u00fcrgensen Caesar, para patrocinar las primeras tres propuestas de Normas Constitucionales presentadas por un grupo de convencionales de Chile Vamos a trav\u00e9s de la Plataforma de Participaci\u00f3n Popular.<\/p>\n\n\n\n<p style=\"font-size:17px\">Los temas de las iniciativas presentadas hasta hoy son: Libertad de ense\u00f1anza, Pluralismo pol\u00edtico y Chile una Rep\u00fablica Democr\u00e1tica; y durante los pr\u00f3ximos d\u00edas ingresar\u00e1n otras cuatro propuestas sobre Libertad de emprendimiento, Derecho a la propiedad privada, Protecci\u00f3n del Medio Ambiente y Agua como Bien Nacional de Uso P\u00fablico<\/p>\n\n\n\n<p style=\"font-size:17px\">\u201cHemos presentado siete propuestas de normas constitucionales que consideramos fundamentales de implementar en la nueva Constituci\u00f3n de Chile; pero para que sean discutidas en el pleno necesitamos 15 mil firmas o patrocinios que pueden realizar todas las personas a trav\u00e9s de&nbsp; <a href=\"about:blank\">plataforma.chileconvencion.cl<\/a> . All\u00ed podr\u00e1n ingresar con su clave \u00fanica o n\u00famero de c\u00e9dula de identidad. Necesitamos de su apoyo\u201d, coment\u00f3 el convencional del distrito 25, Harry J\u00fcrgensen.<\/p>\n\n\n\n<p style=\"font-size:17px\"><strong><u>PROCESO DE APOYO A INICIATIVAS DE NORMA<\/u><\/strong><\/p>\n\n\n\n<p style=\"font-size:17px\">Este proceso se encuentra habilitado desde el jueves 9 de diciembre hasta el 01 de febrero de 2022 en la Plataforma Digital de Participaci\u00f3n Popular implementada por la Convenci\u00f3n junto al Centro Tecnol\u00f3gico Ucampus de la Universidad de Chile.<\/p>\n\n\n\n<p style=\"font-size:17px\">En el link&nbsp; <a href=\"about:blank\">https:\/\/plataforma.chileconvencion.cl\/m\/iniciativa_popular\/<\/a> podr\u00e1 encontrar todas las propuestas, una de ellas es la iniciativa n\u00b034 que corresponde al <strong>\u201cDerecho a la Educaci\u00f3n, Derecho y Deber Preferente de los Padres, y Libertad de Ense\u00f1anza\u201d<\/strong> (<a href=\"about:blank\">https:\/\/plataforma.chileconvencion.cl\/m\/iniciativa_popular\/detalle?id=34<\/a>). Aqu\u00ed se plantea un articulado con 12 puntos, algunos de ellos indican que \u201cLos padres, o quienes tengan el cuidado personal en conformidad a la ley, tienen el derecho preferente y el deber de educar a sus hijos, o pupilos en su caso\u201d y \u201cEl Estado debe respetar la libertad de los padres y, en su caso, de los tutores legales de escoger para sus hijos o pupilos escuelas distintas de las creadas por las autoridades p\u00fablicas, las que deber\u00e1n cumplir las normas m\u00ednimas que el Estado prescriba en materia de ense\u00f1anza, as\u00ed como que sus hijos o pupilos reciban la educaci\u00f3n religiosa y moral que est\u00e9 de acuerdo con sus propias convicciones\u201d.<\/p>\n\n\n\n<p style=\"font-size:17px\">La segunda propuesta titulada <strong>Pluralismo y Libertad<\/strong> (iniciativa N\u00ba 3.394) y la puede encontrar en <a href=\"about:blank\">https:\/\/plataforma.chileconvencion.cl\/m\/iniciativa_popular\/detalle?id=3394<\/a> Aqu\u00ed la propuesta de articulado indica, por ejemplo: \u201cEl pluralismo pol\u00edtico, la libertad de conciencia y de expresi\u00f3n son inherentes al estado democr\u00e1tico de derecho. Ninguna persona o grupo de personas puede imponer a los dem\u00e1s un proyecto de sociedad, visiones particulares de la historia, del pensamiento religioso o, en general, de los elementos que conforman la diversidad cultural y val\u00f3rica\u201d.<\/p>\n\n\n\n<p style=\"font-size:17px\">Y la tercera iniciativa categorizada con el n\u00b0 4.174, bajo el t\u00edtulo <strong>Rep\u00fablica y Defensa de Nuestra Bandera, Tradiciones, Himno<\/strong>,propone que \u201cChile es una Rep\u00fablica democr\u00e1tica que se sustenta en la dignidad de la persona humana, la igualdad ante la ley, los derechos y libertades fundamentales, la divisi\u00f3n de poderes del Estado, la responsabilidad de las autoridades, las elecciones peri\u00f3dicas y alternancia en el poder de los representantes de la Naci\u00f3n.Son emblemas nacionales la bandera nacional, el escudo de armas de la Rep\u00fablica y el himno nacional\u201d. Esta iniciativa la puede conocer mejor en <a href=\"about:blank\">https:\/\/plataforma.chileconvencion.cl\/m\/iniciativa_popular\/detalle?id=4174<\/a><\/p>\n\n\n\n<p style=\"font-size:17px\"><strong>\u00bfC\u00f3mo apoyar una propuesta?<\/strong> Debe ingresar a <a href=\"about:blank\">https:\/\/plataforma.chileconvencion.cl\/m\/iniciativa_popular\/<\/a>&nbsp; buscar la iniciativa a patrocinar, pinchar el bot\u00f3n \u201cEntrar\u201d (podr\u00e1 ingresar con su clave \u00fanica o n\u00famero de serie de su c\u00e9dula), completar sus datos y temas de inter\u00e9s (si no hace este paso, no podr\u00e1 dar su apoyo); y finalmente pinchar el banner verde \u201cApoyar\u201d. Podr\u00e1 apoyar hasta siete iniciativas.<\/p>\n","protected":false},"excerpt":{"rendered":"<p>El tr\u00e1mite se podr\u00e1 realizar a trav\u00e9s de la Plataforma Digital de Participaci\u00f3n Popular de la Convenci\u00f3n hasta el 01 de febrero de 2022. Cada propuesta necesita 15 mil firmas o patrocinios para ser discutidas obligatoriamente en el Pleno de la Convenci\u00f3n Constitucional.<\/p>\n","protected":false},"author":1,"featured_media":3472,"comment_status":"closed","ping_status":"closed","sticky":false,"template":"","format":"standard","meta":{"footnotes":""},"categories":[6],"tags":[],"class_list":["post-3471","post","type-post","status-publish","format-standard","has-post-thumbnail","hentry","category-politica"],"_links":{"self":[{"href":"https:\/\/www.semanariolocal.cl\/index.php?rest_route=\/wp\/v2\/posts\/3471","targetHints":{"allow":["GET"]}}],"collection":[{"href":"https:\/\/www.semanariolocal.cl\/index.php?rest_route=\/wp\/v2\/posts"}],"about":[{"href":"https:\/\/www.semanariolocal.cl\/index.php?rest_route=\/wp\/v2\/types\/post"}],"author":[{"embeddable":true,"href":"https:\/\/www.semanariolocal.cl\/index.php?rest_route=\/wp\/v2\/users\/1"}],"replies":[{"embeddable":true,"href":"https:\/\/www.semanariolocal.cl\/index.php?rest_route=%2Fwp%2Fv2%2Fcomments&post=3471"}],"version-history":[{"count":1,"href":"https:\/\/www.semanariolocal.cl\/index.php?rest_route=\/wp\/v2\/posts\/3471\/revisions"}],"predecessor-version":[{"id":3473,"href":"https:\/\/www.semanariolocal.cl\/index.php?rest_route=\/wp\/v2\/posts\/3471\/revisions\/3473"}],"wp:featuredmedia":[{"embeddable":true,"href":"https:\/\/www.semanariolocal.cl\/index.php?rest_route=\/wp\/v2\/media\/3472"}],"wp:attachment":[{"href":"https:\/\/www.semanariolocal.cl\/index.php?rest_route=%2Fwp%2Fv2%2Fmedia&parent=3471"}],"wp:term":[{"taxonomy":"category","embeddable":true,"href":"https:\/\/www.semanariolocal.cl\/index.php?rest_route=%2Fwp%2Fv2%2Fcategories&post=3471"},{"taxonomy":"post_tag","embeddable":true,"href":"https:\/\/www.semanariolocal.cl\/index.php?rest_route=%2Fwp%2Fv2%2Ftags&post=3471"}],"curies":[{"name":"wp","href":"https:\/\/api.w.org\/{rel}","templated":true}]}}