{"id":34681,"date":"2026-05-01T11:30:00","date_gmt":"2026-05-01T15:30:00","guid":{"rendered":"https:\/\/www.semanariolocal.cl\/?p=34681"},"modified":"2026-05-02T00:17:19","modified_gmt":"2026-05-02T04:17:19","slug":"violencia-en-las-escuelas-ninos-solos-aislados-y-sin-supervision","status":"publish","type":"post","link":"https:\/\/www.semanariolocal.cl\/?p=34681","title":{"rendered":"Violencia en las escuelas: ni\u00f1os solos, aislados y sin supervisi\u00f3n"},"content":{"rendered":"\n<p><strong><mark style=\"background-color:#abb8c3\" class=\"has-inline-color has-white-color\">01 de Mayo del 2026.- <\/mark><\/strong>Sino m\u00e1s bien a una problem\u00e1tica que hemos visto en distintos pa\u00edses del mundo (EEUU, Finlandia, M\u00e9xico, Brasil, Argentina y Chile) ante lo cual, nos debemos preguntar \u00bfC\u00f3mo nos hacemos cargo y abordamos oportunamente la salud mental de nuestros estudiantes y docentes?, en otras palabras c\u00f3mo generamos un sistema de acompa\u00f1amiento al interior de las escuelas y sus respectivos conflictos, para prevenir problemas de acoso escolar, enfermedades mentales, pandillas al interior del colegio, bromas pesadas que se han normalizado, hasta la pelea m\u00e1s inofensiva.<\/p>\n\n\n\n<p>La soluci\u00f3n no es s\u00f3lo administrativa, no es s\u00f3lo de p\u00f3rticos o torniquetes, detectores de metales, etc\u00e9tera, que en s\u00ed mismo seg\u00fan cada realidad podr\u00eda mitigar ciertas situaciones, pero de ah\u00ed a resolver el problema no es el camino. Las escuelas no pueden priorizar estos gastos donde el beneficio seg\u00fan la evidencia es menor. Por lo anterior, el camino de recorte presupuestario tambi\u00e9n podr\u00eda afectar negativamente a la convivencia escolar. Hoy la sociedad tiende a resolver los conflictos de manera m\u00e1s violenta, y lo que ocurre en la sociedad global, se ve reflejado en la escuela. Hemos validado la guerra.<\/p>\n\n\n\n<p>Es necesario mejorar la comunicaci\u00f3n al interior de las escuelas, seg\u00fan la \u201cAgencia de Calidad de la Educaci\u00f3n\u201d (2024) la percepci\u00f3n de un ambiente organizado en la escuela var\u00eda entre docentes y estudiantes, siendo estos \u00faltimo m\u00e1s cr\u00edticos que los docentes. Otro estudio se\u00f1ala a Chile c\u00f3mo el pa\u00eds con menor satisfacci\u00f3n con la vida de los estudiantes. (Estudio SSES, OCDE, 2023). Estamos en una situaci\u00f3n muy cr\u00edtica y desafiante.<\/p>\n\n\n\n<p><em>\u00bfQu\u00e9 se necesita seg\u00fan los expertos? <\/em>Las escuelas requieren una mayor inversi\u00f3n en orientadores y psic\u00f3logos educacionales que tengan las herramientas para trabajar con estudiantes y formar capacidades en los docentes. Que el clima escolar sea una puerta a una cultura de la convivencia educativa. Por eso es relevante que las escuelas puedan contar con equipos multidisciplinarios, que puedan reportar conductas preocupantes que permitan determinar la existencia o no de riesgo.<\/p>\n\n\n\n<p>Tambi\u00e9n debe existir y exigirse una mayor corresponsabilidad entre las familias y las escuelas en la formaci\u00f3n integral de los ni\u00f1os y j\u00f3venes.<\/p>\n\n\n\n<p>La violencia escolar no se resuelve desde un solo frente. Requiere voluntad pol\u00edtica, inversi\u00f3n sostenida y compromiso real de toda la comunidad educativa. Los ni\u00f1os que hoy se sienten solos dentro de sus escuelas nos est\u00e1n enviando una se\u00f1al que no podemos seguir ignorando. Atenderla a tiempo no es solo una responsabilidad pedag\u00f3gica, es una deuda moral con las generaciones que vienen.<\/p>\n\n\n\n<p><strong>Dr. Alejandro P\u00e9rez Carvajal &#8211; Doctorado en Ciencias de la Educaci\u00f3n &#8211; Investigador Acad\u00e9mico<\/strong><\/p>\n","protected":false},"excerpt":{"rendered":"<p>Sin duda que la violencia en el sistema educativo se ha incrementado. Sin embargo, el problema no obedece a una escuela en particular, ni a\u00fan un hecho aislado.<\/p>\n","protected":false},"author":1,"featured_media":34682,"comment_status":"closed","ping_status":"closed","sticky":false,"template":"","format":"standard","meta":{"footnotes":""},"categories":[3,11,3608,4161,3842,4395],"tags":[2118,337,273,133],"class_list":["post-34681","post","type-post","status-publish","format-standard","has-post-thumbnail","hentry","category-al-dia","category-educacion","category-estado","category-familia","category-politicas-publicas","category-sociedad","tag-semanariolocal","tag-informacion","tag-noticias","tag-semanario-local"],"_links":{"self":[{"href":"https:\/\/www.semanariolocal.cl\/index.php?rest_route=\/wp\/v2\/posts\/34681","targetHints":{"allow":["GET"]}}],"collection":[{"href":"https:\/\/www.semanariolocal.cl\/index.php?rest_route=\/wp\/v2\/posts"}],"about":[{"href":"https:\/\/www.semanariolocal.cl\/index.php?rest_route=\/wp\/v2\/types\/post"}],"author":[{"embeddable":true,"href":"https:\/\/www.semanariolocal.cl\/index.php?rest_route=\/wp\/v2\/users\/1"}],"replies":[{"embeddable":true,"href":"https:\/\/www.semanariolocal.cl\/index.php?rest_route=%2Fwp%2Fv2%2Fcomments&post=34681"}],"version-history":[{"count":1,"href":"https:\/\/www.semanariolocal.cl\/index.php?rest_route=\/wp\/v2\/posts\/34681\/revisions"}],"predecessor-version":[{"id":34683,"href":"https:\/\/www.semanariolocal.cl\/index.php?rest_route=\/wp\/v2\/posts\/34681\/revisions\/34683"}],"wp:featuredmedia":[{"embeddable":true,"href":"https:\/\/www.semanariolocal.cl\/index.php?rest_route=\/wp\/v2\/media\/34682"}],"wp:attachment":[{"href":"https:\/\/www.semanariolocal.cl\/index.php?rest_route=%2Fwp%2Fv2%2Fmedia&parent=34681"}],"wp:term":[{"taxonomy":"category","embeddable":true,"href":"https:\/\/www.semanariolocal.cl\/index.php?rest_route=%2Fwp%2Fv2%2Fcategories&post=34681"},{"taxonomy":"post_tag","embeddable":true,"href":"https:\/\/www.semanariolocal.cl\/index.php?rest_route=%2Fwp%2Fv2%2Ftags&post=34681"}],"curies":[{"name":"wp","href":"https:\/\/api.w.org\/{rel}","templated":true}]}}