{"id":34677,"date":"2026-05-01T11:40:00","date_gmt":"2026-05-01T15:40:00","guid":{"rendered":"https:\/\/www.semanariolocal.cl\/?p=34677"},"modified":"2026-05-01T23:50:16","modified_gmt":"2026-05-02T03:50:16","slug":"bomberos-de-puerto-montt-forma-especialistas-internacionales-en-emergencias-quimicas","status":"publish","type":"post","link":"https:\/\/www.semanariolocal.cl\/?p=34677","title":{"rendered":"Bomberos de Puerto Montt forma especialistas internacionales en emergencias qu\u00edmicas"},"content":{"rendered":"\n<p><strong><mark style=\"background-color:#abb8c3\" class=\"has-inline-color has-white-color\">01 de Mayo del 2026.- <\/mark><\/strong> La actividad culmin\u00f3 con un ejercicio con la aplicaci\u00f3n de tecnolog\u00edas avanzadas para enfrentar un derrame qu\u00edmico y rescatar trabajadores lesionados.. Con el respaldo de la Organizaci\u00f3n de Bomberos Americanos (OBA), el Cuerpo de Bomberos de Puerto Montt desarroll\u00f3 en la capital de la Regi\u00f3n de Los Lagos el XX Curso de Respuesta a Emergencias Qu\u00edmicas y Ambientales \u2013 Nivel Operaciones NFPA 470:2022, ejecutado por la Segunda Compa\u00f1\u00eda Germania, con el apoyo de la Seremi de Medio Ambiente.<\/p>\n\n\n\n<p>La iniciativa de formaci\u00f3n internacional, cont\u00f3 adem\u00e1s con el auspicio del Gobierno Regional de Los Lagos y el Core de la Provincia de Llanquihue, a trav\u00e9s del Fondo Comunidad 2026.<\/p>\n\n\n\n<p>El programa, de 60 horas te\u00f3rico-pr\u00e1cticas, reuni\u00f3 a participantes de distintos pa\u00edses del continente consolidando a Puerto Montt como referente en formaci\u00f3n en respuesta a emergencias con est\u00e1ndares internacionales. En la actividad participaron 20 bomberos provenientes de unidades de Uruguay, Ecuador, Chile, Argentina y Paraguay, quienes integran la OBA y se formaron en este curso como operadores en incidentes con materias peligrosas.<\/p>\n\n\n\n<p><strong>Contenidos<\/strong><\/p>\n\n\n\n<p>El curso abord\u00f3 desde la identificaci\u00f3n de materiales peligrosos y armas de destrucci\u00f3n masiva hasta t\u00e9cnicas de descontaminaci\u00f3n, monitoreo, rescate de v\u00edctimas y control de derrames, todo bajo la normativa NFPA 470:2022, que define las misiones espec\u00edficas para el nivel operador.<\/p>\n\n\n\n<p>&nbsp;\u201cEste curso patrocinado por la OBA, organismo al que el Cuerpo de Bomberos de Puerto Montt pertenece hace ya tres o cuatro a\u00f1os, nos prestigia como instituci\u00f3n. Somos sede de este curso internacional, dictado por la Segunda Compa\u00f1\u00eda Germania, y recibimos alumnos de distintos pa\u00edses para capacitarse en emergencias qu\u00edmicas\u201d, destac\u00f3 el superintendente del Cuerpo de Bomberos de Puerto Montt<strong>,&nbsp;<\/strong>Jaime Jonshon C\u00e1rdenas<strong>.<\/strong><\/p>\n\n\n\n<p>La seremi del Medio Ambiente, Lorena Liechtle, subray\u00f3 la relevancia de esta versi\u00f3n: \u201cEste 2026 marca un hito importante. No solo celebramos 20 ediciones de este curso, sino que adem\u00e1s contamos con la colaboraci\u00f3n de la Organizaci\u00f3n de Bomberos Americanos, fortaleciendo el car\u00e1cter internacional de esta instancia, que cuenta con el respaldo del Ministerio del Medio Ambiente y el financiamiento del Gobierno Regional de Los Lagos\u201d.<\/p>\n\n\n\n<p>Hasta esta versi\u00f3n m\u00e1s de 810 personas han sido capacitadas, incluyendo bomberos, brigadistas industriales y profesionales vinculados al manejo de sustancias peligrosas, provenientes de pa\u00edses como Chile, Brasil, Argentina, Colombia, Venezuela, Uruguay, Paraguay y Ecuador. La versi\u00f3n 2026 marca un hito al tratarse de la vig\u00e9sima edici\u00f3n del curso y, por primera vez, se desarrolla en coordinaci\u00f3n con la OBA, fortaleciendo la cooperaci\u00f3n internacional en materia de respuesta a emergencias.<\/p>\n\n\n\n<p>El curso cuenta adem\u00e1s con la participaci\u00f3n de especialistas del \u00e1rea de la salud p\u00fablica, incluyendo un m\u00e9dico y un enfermero del Centro de Informaci\u00f3n Toxicol\u00f3gica de la Universidad Cat\u00f3lica (CITUC<strong>)<\/strong>, quienes abordar\u00e1n contenidos clave en toxicolog\u00eda.<\/p>\n\n\n\n<p><strong>Ejercicio final<\/strong><\/p>\n\n\n\n<p>El ejercicio final del XX Curso de Respuesta a Emergencias Qu\u00edmicas y Ambientales \u2013 Nivel Operaciones, se realiz\u00f3 este viernes en la planta qu\u00edmica de la empresa Oxiquim, el que simul\u00f3 un accidente con derrame de sustancias peligrosas y trabajadores lesionados.<\/p>\n\n\n\n<p>\u201cLa respuesta consisti\u00f3 en la coordinaci\u00f3n, el traslado del personal, trabajo en el lugar y la recuperaci\u00f3n de los pacientes. Para ello se ocup\u00f3 tecnolog\u00eda como analizadores multigases, un drone con c\u00e1mara termal para la detecci\u00f3n de las fugas y poder apreciar a una distancia de seguridad los productos involucrados en la emergencia\u201d, explic\u00f3 Michael Ojeda, director de la Segunda Compa\u00f1\u00eda Germania de Puerto Montt.&nbsp;<\/p>\n","protected":false},"excerpt":{"rendered":"<p>Segunda Compa\u00f1\u00eda Germania ejecuta un curso internacional con apoyo del Gobierno Regional y participaci\u00f3n de alumnos de Chile, Uruguay, Ecuador, Argentina y Paraguay. <\/p>\n","protected":false},"author":1,"featured_media":34678,"comment_status":"closed","ping_status":"closed","sticky":false,"template":"","format":"standard","meta":{"footnotes":""},"categories":[3,4383,3823,4394,2483,4460],"tags":[2118,880,337,273,247,133],"class_list":["post-34677","post","type-post","status-publish","format-standard","has-post-thumbnail","hentry","category-al-dia","category-capacitacion-y-formacion","category-ong","category-puerto-montt","category-region","category-seminarios-y-congresos","tag-semanariolocal","tag-bomberos","tag-informacion","tag-noticias","tag-region-de-los-lagos","tag-semanario-local"],"_links":{"self":[{"href":"https:\/\/www.semanariolocal.cl\/index.php?rest_route=\/wp\/v2\/posts\/34677","targetHints":{"allow":["GET"]}}],"collection":[{"href":"https:\/\/www.semanariolocal.cl\/index.php?rest_route=\/wp\/v2\/posts"}],"about":[{"href":"https:\/\/www.semanariolocal.cl\/index.php?rest_route=\/wp\/v2\/types\/post"}],"author":[{"embeddable":true,"href":"https:\/\/www.semanariolocal.cl\/index.php?rest_route=\/wp\/v2\/users\/1"}],"replies":[{"embeddable":true,"href":"https:\/\/www.semanariolocal.cl\/index.php?rest_route=%2Fwp%2Fv2%2Fcomments&post=34677"}],"version-history":[{"count":2,"href":"https:\/\/www.semanariolocal.cl\/index.php?rest_route=\/wp\/v2\/posts\/34677\/revisions"}],"predecessor-version":[{"id":34680,"href":"https:\/\/www.semanariolocal.cl\/index.php?rest_route=\/wp\/v2\/posts\/34677\/revisions\/34680"}],"wp:featuredmedia":[{"embeddable":true,"href":"https:\/\/www.semanariolocal.cl\/index.php?rest_route=\/wp\/v2\/media\/34678"}],"wp:attachment":[{"href":"https:\/\/www.semanariolocal.cl\/index.php?rest_route=%2Fwp%2Fv2%2Fmedia&parent=34677"}],"wp:term":[{"taxonomy":"category","embeddable":true,"href":"https:\/\/www.semanariolocal.cl\/index.php?rest_route=%2Fwp%2Fv2%2Fcategories&post=34677"},{"taxonomy":"post_tag","embeddable":true,"href":"https:\/\/www.semanariolocal.cl\/index.php?rest_route=%2Fwp%2Fv2%2Ftags&post=34677"}],"curies":[{"name":"wp","href":"https:\/\/api.w.org\/{rel}","templated":true}]}}