{"id":34674,"date":"2026-05-01T11:50:00","date_gmt":"2026-05-01T15:50:00","guid":{"rendered":"https:\/\/www.semanariolocal.cl\/?p=34674"},"modified":"2026-05-01T23:32:30","modified_gmt":"2026-05-02T03:32:30","slug":"dia-del-trabajador-la-labor-de-las-tecnicos-en-educacion-parvularia","status":"publish","type":"post","link":"https:\/\/www.semanariolocal.cl\/?p=34674","title":{"rendered":"D\u00eda del Trabajador: la labor de las t\u00e9cnicos en educaci\u00f3n parvularia"},"content":{"rendered":"\n<p><strong><mark style=\"background-color:#abb8c3\" class=\"has-inline-color has-white-color\">01 de mayo del 2026.-<\/mark><\/strong> Chile cuenta con una larga tradici\u00f3n en la formaci\u00f3n profesional de educadoras\/es de p\u00e1rvulos. Junto a estas profesionales, trabajan las t\u00e9cnicos en educaci\u00f3n parvularia, quienes constituyen gran parte de la fuerza laboral en este nivel educativo, y son quienes est\u00e1n la mayor parte de la jornada acompa\u00f1ando a guaguas, ni\u00f1os y ni\u00f1as, construyendo los v\u00ednculos que promueven su desarrollo y aprendizaje.<\/p>\n\n\n\n<p>A pesar de ello, su rol es sistem\u00e1ticamente tratado como secundario o asistencial. Son las peor remuneradas del sistema, raramente se las considera interlocutoras v\u00e1lidas en las decisiones pedag\u00f3gicas, y no existe regulaci\u00f3n clara sobre su rol ni su formaci\u00f3n continua. Los apoyos para su desarrollo profesional son escasos, y a diferencia de otros trabajadores de la educaci\u00f3n, no cuentan con tiempo no lectivo. Todo esto ocurre mientras ejercen una labor de alta complejidad, que exige considerar simult\u00e1neamente m\u00faltiples variables para promover el bienestar, el cuidado y el aprendizaje de guaguas, ni\u00f1os y ni\u00f1as.<\/p>\n\n\n\n<p>La evidencia muestra que cuando su trabajo es reconocido, mejora su compromiso, su desarrollo profesional y la calidad de los v\u00ednculos que ofrecen a la infancia. Su rol NO es secundario: existe una alianza colaborativa con las educadoras de p\u00e1rvulos que es profundamente complementaria y que el bienestar, desarrollo y aprendizaje de guaguas, ni\u00f1os y ni\u00f1as requiere de ambas. Es urgente poner en la agenda p\u00fablica la discusi\u00f3n sobre su rol y la necesidad de contar con t\u00e9cnicas en educaci\u00f3n parvularia bien preparadas, que puedan construir alianzas colaborativas de trabajo junto a las educadoras, en beneficio de nuestra primera infancia.<\/p>\n\n\n\n<p><strong>Ximena Poblete N\u00fa\u00f1ez, Doctora en Educaci\u00f3n (Ph.D.)<\/strong> <strong>UCL Institute of Education<\/strong> <strong>del University College London of United Kingdom<\/strong>. <strong>Actualmente se desempe\u00f1a como<\/strong> <strong>Investigadora de la Facultad de Educaci\u00f3n y Humanidades UNAB. <\/strong><\/p>\n","protected":false},"excerpt":{"rendered":"<p>El 1 de mayo invita a reflexionar sobre el valor del trabajo. En ese esp\u00edritu, vale detenerse en quienes educan a nuestra primera infancia.<\/p>\n","protected":false},"author":1,"featured_media":34675,"comment_status":"closed","ping_status":"closed","sticky":false,"template":"","format":"standard","meta":{"footnotes":""},"categories":[3302,3,11,2496,4401],"tags":[2118,4994,2793,337,273,62,247,133],"class_list":["post-34674","post","type-post","status-publish","format-standard","has-post-thumbnail","hentry","category-academia","category-al-dia","category-educacion","category-nacional","category-primera-infancia","tag-semanariolocal","tag-dra-ximena-poblete-nunez","tag-educacion-parvularia","tag-informacion","tag-noticias","tag-primera-infancia","tag-region-de-los-lagos","tag-semanario-local"],"_links":{"self":[{"href":"https:\/\/www.semanariolocal.cl\/index.php?rest_route=\/wp\/v2\/posts\/34674","targetHints":{"allow":["GET"]}}],"collection":[{"href":"https:\/\/www.semanariolocal.cl\/index.php?rest_route=\/wp\/v2\/posts"}],"about":[{"href":"https:\/\/www.semanariolocal.cl\/index.php?rest_route=\/wp\/v2\/types\/post"}],"author":[{"embeddable":true,"href":"https:\/\/www.semanariolocal.cl\/index.php?rest_route=\/wp\/v2\/users\/1"}],"replies":[{"embeddable":true,"href":"https:\/\/www.semanariolocal.cl\/index.php?rest_route=%2Fwp%2Fv2%2Fcomments&post=34674"}],"version-history":[{"count":1,"href":"https:\/\/www.semanariolocal.cl\/index.php?rest_route=\/wp\/v2\/posts\/34674\/revisions"}],"predecessor-version":[{"id":34676,"href":"https:\/\/www.semanariolocal.cl\/index.php?rest_route=\/wp\/v2\/posts\/34674\/revisions\/34676"}],"wp:featuredmedia":[{"embeddable":true,"href":"https:\/\/www.semanariolocal.cl\/index.php?rest_route=\/wp\/v2\/media\/34675"}],"wp:attachment":[{"href":"https:\/\/www.semanariolocal.cl\/index.php?rest_route=%2Fwp%2Fv2%2Fmedia&parent=34674"}],"wp:term":[{"taxonomy":"category","embeddable":true,"href":"https:\/\/www.semanariolocal.cl\/index.php?rest_route=%2Fwp%2Fv2%2Fcategories&post=34674"},{"taxonomy":"post_tag","embeddable":true,"href":"https:\/\/www.semanariolocal.cl\/index.php?rest_route=%2Fwp%2Fv2%2Ftags&post=34674"}],"curies":[{"name":"wp","href":"https:\/\/api.w.org\/{rel}","templated":true}]}}