{"id":34663,"date":"2026-04-30T11:20:00","date_gmt":"2026-04-30T15:20:00","guid":{"rendered":"https:\/\/www.semanariolocal.cl\/?p=34663"},"modified":"2026-04-30T23:39:14","modified_gmt":"2026-05-01T03:39:14","slug":"la-ciencia-no-es-un-gasto-prescindible","status":"publish","type":"post","link":"https:\/\/www.semanariolocal.cl\/?p=34663","title":{"rendered":"La ciencia no es un gasto prescindible"},"content":{"rendered":"\n<p><strong><mark style=\"background-color:#abb8c3\" class=\"has-inline-color has-white-color\">30 de abril del 2026.-<\/mark><\/strong> Se ha instalado con fuerza la idea de que el emprendimiento debe ser el principal motor de crecimiento. Sin embargo, es indispensable recordar que el emprendimiento cient\u00edfico y tecnol\u00f3gico no surge espont\u00e1neamente. Requiere una base s\u00f3lida de conocimiento, infraestructura y, sobre todo, capital humano altamente calificado. Esa base, en Chile y en el mundo, ha sido hist\u00f3ricamente impulsada por el Estado a trav\u00e9s del financiamiento sostenido de la ciencia b\u00e1sica y aplicada.<\/p>\n\n\n\n<p>Nuestro pa\u00eds a\u00fan no cuenta con una plataforma suficientemente robusta para sostener un modelo centrado exclusivamente en el emprendimiento en ciencias. Si no fortalecemos la investigaci\u00f3n fundamental y la formaci\u00f3n de especialistas, dif\u00edcilmente podremos generar innovaci\u00f3n propia y competitiva. En ese escenario, el riesgo es claro: quedar rezagados, dependiendo de soluciones externas y al margen de los avances que definir\u00e1n el futuro.<\/p>\n\n\n\n<p>Resulta particularmente preocupante que estas decisiones se impulsen sin una discusi\u00f3n amplia ni fundamentos transparentes. M\u00e1s a\u00fan cuando las experiencias concretas de ciencia colaborativa en el pa\u00eds han demostrado el valor de articular esfuerzos entre el Estado, la academia y otros actores. En ese contexto, cabr\u00eda esperar un contrapunto t\u00e9cnico y cient\u00edfico frente a propuestas de recorte de esta naturaleza. La ausencia de ese equilibrio, sumada a la falta de di\u00e1logo con la comunidad cient\u00edfica \u2014incluyendo a las sociedades cient\u00edficas\u2014 debilita la legitimidad de medidas que impactan directamente el desarrollo nacional.<\/p>\n\n\n\n<p>Si aspiramos a un Chile que innove, que emprenda y que compita en un mundo cada vez m\u00e1s basado en el conocimiento, debemos actuar en consecuencia. La ciencia no es un gasto prescindible: es una inversi\u00f3n esencial. Sin ella, simplemente quedamos fuera del barco del futuro.<\/p>\n\n\n\n<p><strong>Claudia Saavedra<\/strong> &#8211; <strong>Universidad Andr\u00e9s Bello<\/strong> &#8211; <strong>Sociedad de Microbiolog\u00eda de Chile<\/strong> &#8211; <strong>Doctor en Bioqu\u00edmica, Universidad de Chile.<\/strong><\/p>\n","protected":false},"excerpt":{"rendered":"<p>Los recientes recortes al presupuesto de ciencia en Chile no solo afectan l\u00edneas de financiamiento espec\u00edficas, evidencian una falta de visi\u00f3n sobre el rol estrat\u00e9gico del conocimiento en el desarrollo del pa\u00eds.<\/p>\n","protected":false},"author":1,"featured_media":34664,"comment_status":"closed","ping_status":"closed","sticky":false,"template":"","format":"standard","meta":{"footnotes":""},"categories":[3302,2540,7,6],"tags":[2118,337,273,247,133],"class_list":["post-34663","post","type-post","status-publish","format-standard","has-post-thumbnail","hentry","category-academia","category-ciencia","category-opinion","category-politica","tag-semanariolocal","tag-informacion","tag-noticias","tag-region-de-los-lagos","tag-semanario-local"],"_links":{"self":[{"href":"https:\/\/www.semanariolocal.cl\/index.php?rest_route=\/wp\/v2\/posts\/34663","targetHints":{"allow":["GET"]}}],"collection":[{"href":"https:\/\/www.semanariolocal.cl\/index.php?rest_route=\/wp\/v2\/posts"}],"about":[{"href":"https:\/\/www.semanariolocal.cl\/index.php?rest_route=\/wp\/v2\/types\/post"}],"author":[{"embeddable":true,"href":"https:\/\/www.semanariolocal.cl\/index.php?rest_route=\/wp\/v2\/users\/1"}],"replies":[{"embeddable":true,"href":"https:\/\/www.semanariolocal.cl\/index.php?rest_route=%2Fwp%2Fv2%2Fcomments&post=34663"}],"version-history":[{"count":2,"href":"https:\/\/www.semanariolocal.cl\/index.php?rest_route=\/wp\/v2\/posts\/34663\/revisions"}],"predecessor-version":[{"id":34666,"href":"https:\/\/www.semanariolocal.cl\/index.php?rest_route=\/wp\/v2\/posts\/34663\/revisions\/34666"}],"wp:featuredmedia":[{"embeddable":true,"href":"https:\/\/www.semanariolocal.cl\/index.php?rest_route=\/wp\/v2\/media\/34664"}],"wp:attachment":[{"href":"https:\/\/www.semanariolocal.cl\/index.php?rest_route=%2Fwp%2Fv2%2Fmedia&parent=34663"}],"wp:term":[{"taxonomy":"category","embeddable":true,"href":"https:\/\/www.semanariolocal.cl\/index.php?rest_route=%2Fwp%2Fv2%2Fcategories&post=34663"},{"taxonomy":"post_tag","embeddable":true,"href":"https:\/\/www.semanariolocal.cl\/index.php?rest_route=%2Fwp%2Fv2%2Ftags&post=34663"}],"curies":[{"name":"wp","href":"https:\/\/api.w.org\/{rel}","templated":true}]}}